{"id":28860,"date":"2021-02-28T12:05:50","date_gmt":"2021-02-28T11:05:50","guid":{"rendered":"https:\/\/www.thereportzone.it\/?p=28860"},"modified":"2021-02-28T12:05:50","modified_gmt":"2021-02-28T11:05:50","slug":"sessa-a-10-anni-di-generazione-aurunca-ecco-come-lassociazione-ha-cambiato-il-territorio-aurunco","status":"publish","type":"post","link":"https:\/\/www.thereportzone.it\/?p=28860","title":{"rendered":"Sessa A: 10 anni di Generazione Aurunca. Ecco come l&#8217;associazione ha cambiato il territorio aurunco"},"content":{"rendered":"<p><a href=\"https:\/\/www.thereportzone.it\/wp-content\/uploads\/2021\/02\/38CCA574-51F5-4A51-ACE9-718ACBFE34B5.jpeg\"><img fetchpriority=\"high\" decoding=\"async\" class=\"aligncenter size-full wp-image-28861\" src=\"https:\/\/www.thereportzone.it\/wp-content\/uploads\/2021\/02\/38CCA574-51F5-4A51-ACE9-718ACBFE34B5.jpeg\" alt=\"\" width=\"782\" height=\"782\" \/><\/a><br \/>\nSESSA AURUNCA. Dieci anni di Generazione Aurunca. Ecco come l&#8217;associazione ha cambiato il territorio aurunco.<br \/>\nOggi #generazioneaurunca ha presentato il nuovo logo e nel contempo festeggia i dieci anni dalla sua fondazione avvenuta febbraio 2011. Un movimento ed un&#8217;associazione che ha fatto della sinergia con il popolo ed i cittadini la propria forza.<br \/>\nIn questi dieci anni generazioneaurunca si \u00e8 affermata come una realt\u00e0 sociale estremamente importante permettendo a tutti i cittadini del territorio di avere voce per segnalare problemi, per risolverli, per lottare per la legalit\u00e0 e per i propri diritti; un ruolo che ha sempre dato molto fastidio alla politica tradizionale e ai poteri pi\u00f9 o meno occulti che sono radicati nel territorio aurunco. Ricordiamo che generazione Aurunca per pochi voti non riusc\u00ec a spazzare via tali poteri ed oggi si presenta in una nuova veste con i propri valori e con nuove forze. Soddisfazione del Presidente Giuseppe Ardone che ha impresso una svolta moderata e di qualit\u00e0.<\/p>\n","protected":false},"excerpt":{"rendered":"<p>SESSA AURUNCA. Dieci anni di Generazione Aurunca. Ecco come l&#8217;associazione ha cambiato il territorio aurunco. Oggi #generazioneaurunca ha<\/p>\n","protected":false},"author":2,"featured_media":28861,"comment_status":"closed","ping_status":"closed","sticky":false,"template":"","format":"standard","meta":{"sfsi_plus_gutenberg_text_before_share":"","sfsi_plus_gutenberg_show_text_before_share":"","sfsi_plus_gutenberg_icon_type":"","sfsi_plus_gutenberg_icon_alignemt":"","sfsi_plus_gutenburg_max_per_row":"","footnotes":""},"categories":[9],"tags":[],"class_list":["post-28860","post","type-post","status-publish","format-standard","has-post-thumbnail","hentry","category-politica"],"_links":{"self":[{"href":"https:\/\/www.thereportzone.it\/index.php?rest_route=\/wp\/v2\/posts\/28860"}],"collection":[{"href":"https:\/\/www.thereportzone.it\/index.php?rest_route=\/wp\/v2\/posts"}],"about":[{"href":"https:\/\/www.thereportzone.it\/index.php?rest_route=\/wp\/v2\/types\/post"}],"author":[{"embeddable":true,"href":"https:\/\/www.thereportzone.it\/index.php?rest_route=\/wp\/v2\/users\/2"}],"replies":[{"embeddable":true,"href":"https:\/\/www.thereportzone.it\/index.php?rest_route=%2Fwp%2Fv2%2Fcomments&post=28860"}],"version-history":[{"count":0,"href":"https:\/\/www.thereportzone.it\/index.php?rest_route=\/wp\/v2\/posts\/28860\/revisions"}],"wp:featuredmedia":[{"embeddable":true,"href":"https:\/\/www.thereportzone.it\/index.php?rest_route=\/"}],"wp:attachment":[{"href":"https:\/\/www.thereportzone.it\/index.php?rest_route=%2Fwp%2Fv2%2Fmedia&parent=28860"}],"wp:term":[{"taxonomy":"category","embeddable":true,"href":"https:\/\/www.thereportzone.it\/index.php?rest_route=%2Fwp%2Fv2%2Fcategories&post=28860"},{"taxonomy":"post_tag","embeddable":true,"href":"https:\/\/www.thereportzone.it\/index.php?rest_route=%2Fwp%2Fv2%2Ftags&post=28860"}],"curies":[{"name":"wp","href":"https:\/\/api.w.org\/{rel}","templated":true}]}}