{"id":28851,"date":"2021-02-27T15:13:36","date_gmt":"2021-02-27T14:13:36","guid":{"rendered":"https:\/\/www.thereportzone.it\/?p=28851"},"modified":"2021-02-27T15:13:36","modified_gmt":"2021-02-27T14:13:36","slug":"carinola-ampliamento-cimiteri-comunali-sembra-imminente-la-firma-sul-contratto-e-lavvio-dei-lavori","status":"publish","type":"post","link":"https:\/\/www.thereportzone.it\/?p=28851","title":{"rendered":"CARINOLA \u2013 Ampliamento cimiteri comunali: sembra imminente la firma sul contratto e l\u2019avvio dei lavori"},"content":{"rendered":"<p>&nbsp;<br \/>\n&nbsp;<br \/>\n&nbsp;<br \/>\n&nbsp;<br \/>\n<strong>CARINOLA &#8211; <\/strong>(di <strong><em>Joe Capua<\/em><\/strong>) \u2013 \u00a0Ampliamento cimiteri comunali: sembra ci siano novit\u00e0 importanti per l\u2019avvio dei lavori. A quanto pare infatti mancherebbe solo la firma sul contratto e poi le opere previste potranno prendere il via. Almeno \u00e8 questo quanto trapela da fonti attendibili in nostro possesso. A \u00a0fare pressione sull\u2019inizio di tali opere ci sono i cittadini che hanno gi\u00e0 acquistato i loculi anticipando cospicue somme di denaro che poi consentiranno di procedere ad effettuare i lavori menzionati dinanzi. Ammonta ad oltre 1milione e 200mila euro la somma finanziata per svolgere l\u2019ampliamento e la dislocazione dei nuovi loculi. Inoltre si proceder\u00e0 alla realizzazione dei nuovi impianti di lampade votive esterne. Chi vorr\u00e0 usufruire di tale servizio pagher\u00e0 una quota annua con un prezzo massimo di 20 euro. In merito al cimitero di Casanova toccher\u00e0 alla nuova amministrazione poi l\u2019incombenza di trovare soluzioni adeguate per riqualificare la zona circostante per realizzare un\u2019area parcheggio. Mentre all\u2019interno di tale struttura mancano allo stato attuale anche i servizi igienici ed una adeguata camera mortuaria. Sono argomenti che verranno senz\u2019altro discussi nella prossima campagna elettorale che si preannuncia lunga ed estenuante visto che probabilmente si andr\u00e0 alle urne tra met\u00e0 e fine settembre.<\/p>\n","protected":false},"excerpt":{"rendered":"<p>&nbsp; &nbsp; &nbsp; &nbsp; CARINOLA &#8211; (di Joe Capua) \u2013 \u00a0Ampliamento cimiteri comunali: sembra ci siano novit\u00e0 importanti<\/p>\n","protected":false},"author":2,"featured_media":28348,"comment_status":"closed","ping_status":"closed","sticky":false,"template":"","format":"standard","meta":{"sfsi_plus_gutenberg_text_before_share":"","sfsi_plus_gutenberg_show_text_before_share":"","sfsi_plus_gutenberg_icon_type":"","sfsi_plus_gutenberg_icon_alignemt":"","sfsi_plus_gutenburg_max_per_row":"","footnotes":""},"categories":[2973,37],"tags":[],"class_list":["post-28851","post","type-post","status-publish","format-standard","has-post-thumbnail","hentry","category-carinola","category-notizie-locali"],"_links":{"self":[{"href":"https:\/\/www.thereportzone.it\/index.php?rest_route=\/wp\/v2\/posts\/28851"}],"collection":[{"href":"https:\/\/www.thereportzone.it\/index.php?rest_route=\/wp\/v2\/posts"}],"about":[{"href":"https:\/\/www.thereportzone.it\/index.php?rest_route=\/wp\/v2\/types\/post"}],"author":[{"embeddable":true,"href":"https:\/\/www.thereportzone.it\/index.php?rest_route=\/wp\/v2\/users\/2"}],"replies":[{"embeddable":true,"href":"https:\/\/www.thereportzone.it\/index.php?rest_route=%2Fwp%2Fv2%2Fcomments&post=28851"}],"version-history":[{"count":0,"href":"https:\/\/www.thereportzone.it\/index.php?rest_route=\/wp\/v2\/posts\/28851\/revisions"}],"wp:featuredmedia":[{"embeddable":true,"href":"https:\/\/www.thereportzone.it\/index.php?rest_route=\/"}],"wp:attachment":[{"href":"https:\/\/www.thereportzone.it\/index.php?rest_route=%2Fwp%2Fv2%2Fmedia&parent=28851"}],"wp:term":[{"taxonomy":"category","embeddable":true,"href":"https:\/\/www.thereportzone.it\/index.php?rest_route=%2Fwp%2Fv2%2Fcategories&post=28851"},{"taxonomy":"post_tag","embeddable":true,"href":"https:\/\/www.thereportzone.it\/index.php?rest_route=%2Fwp%2Fv2%2Ftags&post=28851"}],"curies":[{"name":"wp","href":"https:\/\/api.w.org\/{rel}","templated":true}]}}