{"id":28740,"date":"2021-02-18T14:08:14","date_gmt":"2021-02-18T13:08:14","guid":{"rendered":"https:\/\/www.thereportzone.it\/?p=28740"},"modified":"2021-02-18T14:08:14","modified_gmt":"2021-02-18T13:08:14","slug":"oliviero-scrive-a-de-luca-urgente-procedere-alla-indifferibile-vaccinazione-delle-bufale-mediterranee-contro-la-brucellosi","status":"publish","type":"post","link":"https:\/\/www.thereportzone.it\/?p=28740","title":{"rendered":"Oliviero scrive a De Luca: \u201cUrgente procedere alla indifferibile vaccinazione delle bufale mediterranee contro la Brucellosi\u201d"},"content":{"rendered":"<p>&nbsp;<br \/>\n&nbsp;<br \/>\n<b>POLITICA<\/b>.<span class=\"s10\"><span class=\"bumpedFont15\">. Il <\/span><\/span><span class=\"s10\"><span class=\"bumpedFont15\">P<\/span><\/span><span class=\"s10\"><span class=\"bumpedFont15\">residente del <\/span><\/span><span class=\"s10\"><span class=\"bumpedFont15\">C<\/span><\/span><span class=\"s10\"><span class=\"bumpedFont15\">onsiglio <\/span><\/span><span class=\"s10\"><span class=\"bumpedFont15\">R<\/span><\/span><span class=\"s10\"><span class=\"bumpedFont15\">egionale, Gennaro Oliviero, ritorna a sostenere la battaglia degli allevatori bufalini per evitare la mattanza delle bufale <\/span><\/span><span class=\"s10\"><span class=\"bumpedFont15\">casertane<\/span><\/span><span class=\"s10\"><span class=\"bumpedFont15\"> a causa dell\u2019abbattimento dei falsi positivi.<br \/>\n<\/span><\/span><br \/>\n<span class=\"s10\"><span class=\"bumpedFont15\">Una battaglia che Oliviero sta portando avanti da tempo e diverse sono state le iniziative <\/span><\/span><span class=\"s10\"><span class=\"bumpedFont15\">in<\/span><\/span><span class=\"s10\"><span class=\"bumpedFont15\"> tal senso nella legislatura passata quando ricopriva la carica di <\/span><\/span><span class=\"s10\"><span class=\"bumpedFont15\">P<\/span><\/span><span class=\"s10\"><span class=\"bumpedFont15\">residente della <\/span><\/span><span class=\"s10\"><span class=\"bumpedFont15\">C<\/span><\/span><span class=\"s10\"><span class=\"bumpedFont15\">ommission<\/span><\/span><span class=\"s10\"><span class=\"bumpedFont15\">e Ambiente<\/span><\/span><span class=\"s10\"><span class=\"bumpedFont15\">. <\/span><\/span><br \/>\n<span class=\"s10\"><span class=\"bumpedFont15\">Basti ricordare che il <\/span><\/span><span class=\"s10\"><span class=\"bumpedFont15\">C<\/span><\/span><span class=\"s10\"><span class=\"bumpedFont15\">onsiglio <\/span><\/span><span class=\"s10\"><span class=\"bumpedFont15\">R<\/span><\/span><span class=\"s10\"><span class=\"bumpedFont15\">egionale, nella direzione della vaccinazione dei capi, all&#8217;unanimit\u00e0, condivise e sottoscrisse le speciali misure previste alla <\/span><\/span><span class=\"s10\"><span class=\"bumpedFont15\">r<\/span><\/span><span class=\"s10\"><span class=\"bumpedFont15\">isoluzione del problema nell\u2019ordine del giorno n. 465\/4 che deposit\u00f2 nel febbraio 2020 e approvato nell\u2019ultima seduta del 5 agosto 2020. Sulla base di tutte queste battaglie il Presidente della <\/span><\/span><span class=\"s10\"><span class=\"bumpedFont15\">C<\/span><\/span><span class=\"s10\"><span class=\"bumpedFont15\">ivica <\/span><\/span><span class=\"s10\"><span class=\"bumpedFont15\">A<\/span><\/span><span class=\"s10\"><span class=\"bumpedFont15\">ssise regionale ha inviato una missiva al <\/span><\/span><span class=\"s10\"><span class=\"bumpedFont15\">P<\/span><\/span><span class=\"s10\"><span class=\"bumpedFont15\">residente della <\/span><\/span><span class=\"s10\"><span class=\"bumpedFont15\">G<\/span><\/span><span class=\"s10\"><span class=\"bumpedFont15\">iunta <\/span><\/span><span class=\"s10\"><span class=\"bumpedFont15\">R<\/span><\/span><span class=\"s10\"><span class=\"bumpedFont15\">egionale Vincenzo De Luca dove ritiene indispensabile: \u201cl\u2019esigenza di conferire valore e tutela all&#8217;allevamento della <\/span><\/span><span class=\"s10\"><span class=\"bumpedFont15\">b<\/span><\/span><span class=\"s10\"><span class=\"bumpedFont15\">ufala <\/span><\/span><span class=\"s10\"><span class=\"bumpedFont15\">m<\/span><\/span><span class=\"s10\"><span class=\"bumpedFont15\">editerranea <\/span><\/span><span class=\"s10\"><span class=\"bumpedFont15\">i<\/span><\/span><span class=\"s10\"><span class=\"bumpedFont15\">taliana, considerato anche che la Giunta <\/span><\/span><span class=\"s10\"><span class=\"bumpedFont15\">R<\/span><\/span><span class=\"s10\"><span class=\"bumpedFont15\">egionale procede a verifiche periodiche sullo stato di attuazione del <\/span><\/span><span class=\"s10\"><span class=\"bumpedFont15\">p<\/span><\/span><span class=\"s10\"><span class=\"bumpedFont15\">iano straordinario 2019-2020 ai fini di eventuali aggiornamenti, compresi gli aspetti procedurali sulle modalit\u00e0 partecipative delle aziende all&#8217;attivit\u00e0 di profilassi\u201d. <\/span><\/span><br \/>\n<span class=\"s10\"><span class=\"bumpedFont15\">Inoltre, chiarisce che tale necessit\u00e0 \u00e8 indifferibile perch\u00e9 in linea con la posizione del Commissario Europeo Stella <\/span><\/span><span class=\"s10\"><span class=\"bumpedFont15\">Kyriakidesa<\/span><\/span><span class=\"s10\"><span class=\"bumpedFont15\">. Oliviero fa notare che la provincia di Caserta detiene circa il 60% del patrimonio bufalino e vede quotidianamente in campo l&#8217;azione di circa 7 mila imprese <\/span><\/span><span class=\"s10\"><span class=\"bumpedFont15\">agricole<\/span><\/span><span class=\"s10\"><span class=\"bumpedFont15\"> e un migliaio di allevamenti. Un patrimonio che va: \u201cprotetto e posto nella condizione <\/span><\/span><span class=\"s10\"><span class=\"bumpedFont15\">di<\/span><\/span><span class=\"s10\"><span class=\"bumpedFont15\"> contribuire alla pronta ripresa economica del Paese che gi\u00e0 deve affrontare la calamit\u00e0 derivata dalla pandemia da Covid-19 e che, con l&#8217;indice crescente dei contagi, diffonde negativi ed incontrollati effetti socio-economici su un comparto produttivo ed una filiera bufalina da sempre considerata eccellenza campana e sicura leva di sviluppo\u201d.<br \/>\n<\/span><\/span><br \/>\n<span class=\"s10\"><span class=\"bumpedFont15\">Considerato che gli ultimi due anni hanno segnato, con una crescita esponenziale, la casistica degli animali infetti, determinando un forte disagio sociale da cui possono derivare manifestazioni e tensioni per la tenuta dell&#8217;ordine pubblico, il <\/span><\/span><span class=\"s10\"><span class=\"bumpedFont15\">P<\/span><\/span><span class=\"s10\"><span class=\"bumpedFont15\">residente del <\/span><\/span><span class=\"s10\"><span class=\"bumpedFont15\">C<\/span><\/span><span class=\"s10\"><span class=\"bumpedFont15\">onsiglio <\/span><\/span><span class=\"s10\"><span class=\"bumpedFont15\">R<\/span><\/span><span class=\"s10\"><span class=\"bumpedFont15\">egionale chiede a De Luca: \u201c di compulsare, al pi\u00f9 presto, gli uffici competenti <\/span><\/span><span class=\"s10\"><span class=\"bumpedFont15\">affinch\u00e9<\/span><\/span><span class=\"s10\"><span class=\"bumpedFont15\"> siano adottate le procedure utili ed indifferibili per dare esecuzione agli atti deliberati, necessari per una pronta risoluzione di una problematica che affligge migliaia di famiglie, sconvolge l\u2019intera filiera bufalina e, con essa, la possibilit\u00e0 di<\/span><\/span><span class=\"s10\"><span class=\"bumpedFont15\"> rinascita dei nostri territori\u201d.<\/span><\/span><\/p>\n","protected":false},"excerpt":{"rendered":"<p>&nbsp; &nbsp; POLITICA.. Il Presidente del Consiglio Regionale, Gennaro Oliviero, ritorna a sostenere la battaglia degli allevatori bufalini<\/p>\n","protected":false},"author":2,"featured_media":28679,"comment_status":"closed","ping_status":"closed","sticky":false,"template":"","format":"standard","meta":{"sfsi_plus_gutenberg_text_before_share":"","sfsi_plus_gutenberg_show_text_before_share":"","sfsi_plus_gutenberg_icon_type":"","sfsi_plus_gutenberg_icon_alignemt":"","sfsi_plus_gutenburg_max_per_row":"","footnotes":""},"categories":[9],"tags":[],"class_list":["post-28740","post","type-post","status-publish","format-standard","has-post-thumbnail","hentry","category-politica"],"_links":{"self":[{"href":"https:\/\/www.thereportzone.it\/index.php?rest_route=\/wp\/v2\/posts\/28740"}],"collection":[{"href":"https:\/\/www.thereportzone.it\/index.php?rest_route=\/wp\/v2\/posts"}],"about":[{"href":"https:\/\/www.thereportzone.it\/index.php?rest_route=\/wp\/v2\/types\/post"}],"author":[{"embeddable":true,"href":"https:\/\/www.thereportzone.it\/index.php?rest_route=\/wp\/v2\/users\/2"}],"replies":[{"embeddable":true,"href":"https:\/\/www.thereportzone.it\/index.php?rest_route=%2Fwp%2Fv2%2Fcomments&post=28740"}],"version-history":[{"count":0,"href":"https:\/\/www.thereportzone.it\/index.php?rest_route=\/wp\/v2\/posts\/28740\/revisions"}],"wp:featuredmedia":[{"embeddable":true,"href":"https:\/\/www.thereportzone.it\/index.php?rest_route=\/"}],"wp:attachment":[{"href":"https:\/\/www.thereportzone.it\/index.php?rest_route=%2Fwp%2Fv2%2Fmedia&parent=28740"}],"wp:term":[{"taxonomy":"category","embeddable":true,"href":"https:\/\/www.thereportzone.it\/index.php?rest_route=%2Fwp%2Fv2%2Fcategories&post=28740"},{"taxonomy":"post_tag","embeddable":true,"href":"https:\/\/www.thereportzone.it\/index.php?rest_route=%2Fwp%2Fv2%2Ftags&post=28740"}],"curies":[{"name":"wp","href":"https:\/\/api.w.org\/{rel}","templated":true}]}}