{"id":28733,"date":"2021-02-17T18:15:33","date_gmt":"2021-02-17T17:15:33","guid":{"rendered":"https:\/\/www.thereportzone.it\/?p=28733"},"modified":"2021-02-17T18:15:33","modified_gmt":"2021-02-17T17:15:33","slug":"carinola-carenza-idrica-nella-frazione-di-casanova-problematica-di-vecchia-data","status":"publish","type":"post","link":"https:\/\/www.thereportzone.it\/?p=28733","title":{"rendered":"CARINOLA \u2013 Carenza idrica nella frazione di Casanova: problematica di vecchia data"},"content":{"rendered":"<p>&nbsp;<br \/>\n&nbsp;<br \/>\n&nbsp;<br \/>\n<strong>CARINOLA &#8211; <\/strong>(di <strong><em>Joe Capua<\/em><\/strong>) \u2013 Per anni le amministrazioni che si sono succedute hanno provato a risolvere\u00a0 la questione della carenza idrica nella frazione di Casanova. Ultima in ordine di data quella delle ultime ore con il guasto alle pompe di erogazione in zona Gancelsa. Il futuro governo locale avr\u00e0 l\u2019arduo compito di trovare soluzioni su quanto sta accadendo ormai da troppo tempo. Disagi che si verificano per tutto l\u2019anno e che in particolar modo in estate diventa un vero e proprio tormento. Per diverso tempo l\u2019ente locale ha usufruito di terreni privati dove erano ubicati pozzi preposti all\u2019erogazione dell\u2019acqua. Il risultato ottenuto \u00e8 stato che a causa delle ristrettezze economiche dell\u2019ente\u00a0 non \u00e8 stato pagato quasi mai il canone di fitto. La conseguenza di ci\u00f2? Un contenzioso che potrebbe costare diverse migliaia di euro. Vedremo come andr\u00e0 a finire. Intanto nonostante la campagna elettorale non \u00e8 ancora iniziata ufficialmente i gruppi politici che si stanno preparando alle elezioni comunali sono ormai in via di definizione. Ci sar\u00e0 una coalizione civica nella quale potrebbe essere candidata a sindaco l\u2019avvocatessa Giuseppina Di Biasio contrapposta al sindaco uscente Antonio Russo o in alternativa a Rosa Di Maio. La sorpresa potrebbe essere un \u201cterzo polo\u201d\u00a0 che punta a scombinare le carte e provare a dare una svolta mettendo in campo volti nuovi. A guidare tale sodalizio ci potrebbe essere Renato Luigi De Spirito. Al suo fianco sembra si voglia schierare il gruppo \u201cAzione Carinola\u201d coordinato da Giannantonio Anfora. A dialogare con i vari gruppi in campo c\u2019\u00e8 anche Fratelli D\u2019Italia con i referenti locali Fabio Monfreda e Salvatore Giacca.<\/p>\n","protected":false},"excerpt":{"rendered":"<p>&nbsp; &nbsp; &nbsp; CARINOLA &#8211; (di Joe Capua) \u2013 Per anni le amministrazioni che si sono succedute hanno<\/p>\n","protected":false},"author":2,"featured_media":28465,"comment_status":"closed","ping_status":"closed","sticky":false,"template":"","format":"standard","meta":{"sfsi_plus_gutenberg_text_before_share":"","sfsi_plus_gutenberg_show_text_before_share":"","sfsi_plus_gutenberg_icon_type":"","sfsi_plus_gutenberg_icon_alignemt":"","sfsi_plus_gutenburg_max_per_row":"","footnotes":""},"categories":[2973,9],"tags":[],"class_list":["post-28733","post","type-post","status-publish","format-standard","has-post-thumbnail","hentry","category-carinola","category-politica"],"_links":{"self":[{"href":"https:\/\/www.thereportzone.it\/index.php?rest_route=\/wp\/v2\/posts\/28733"}],"collection":[{"href":"https:\/\/www.thereportzone.it\/index.php?rest_route=\/wp\/v2\/posts"}],"about":[{"href":"https:\/\/www.thereportzone.it\/index.php?rest_route=\/wp\/v2\/types\/post"}],"author":[{"embeddable":true,"href":"https:\/\/www.thereportzone.it\/index.php?rest_route=\/wp\/v2\/users\/2"}],"replies":[{"embeddable":true,"href":"https:\/\/www.thereportzone.it\/index.php?rest_route=%2Fwp%2Fv2%2Fcomments&post=28733"}],"version-history":[{"count":0,"href":"https:\/\/www.thereportzone.it\/index.php?rest_route=\/wp\/v2\/posts\/28733\/revisions"}],"wp:featuredmedia":[{"embeddable":true,"href":"https:\/\/www.thereportzone.it\/index.php?rest_route=\/"}],"wp:attachment":[{"href":"https:\/\/www.thereportzone.it\/index.php?rest_route=%2Fwp%2Fv2%2Fmedia&parent=28733"}],"wp:term":[{"taxonomy":"category","embeddable":true,"href":"https:\/\/www.thereportzone.it\/index.php?rest_route=%2Fwp%2Fv2%2Fcategories&post=28733"},{"taxonomy":"post_tag","embeddable":true,"href":"https:\/\/www.thereportzone.it\/index.php?rest_route=%2Fwp%2Fv2%2Ftags&post=28733"}],"curies":[{"name":"wp","href":"https:\/\/api.w.org\/{rel}","templated":true}]}}