{"id":28650,"date":"2021-02-09T10:33:20","date_gmt":"2021-02-09T09:33:20","guid":{"rendered":"https:\/\/www.thereportzone.it\/?p=28650"},"modified":"2021-02-09T10:33:20","modified_gmt":"2021-02-09T09:33:20","slug":"carinola-organico-comunale-in-emergenza-nominato-un-istruttore-tecnico","status":"publish","type":"post","link":"https:\/\/www.thereportzone.it\/?p=28650","title":{"rendered":"CARINOLA \u2013 Organico comunale in emergenza: nominato un Istruttore Tecnico"},"content":{"rendered":"<p>&nbsp;<br \/>\n&nbsp;<br \/>\n&nbsp;<br \/>\n&nbsp;<br \/>\n&nbsp;<br \/>\n<strong>CARINOLA &#8211; <\/strong>(di <strong><em>Joe Capua<\/em><\/strong>) \u2013 \u00a0La vice prefetto Stella Fracassi ha firmato l\u2019atto per la procedura\u00a0 che ha determinato la nomina di un istruttore all\u2019interno dell\u2019ufficio tecnico. Stando a quanto si evidenzia sulla documentazione pubblicata sull\u2019albo pretorio comunale la scelta \u00e8 caduta su Giovanni Russo. Il neo incaricato dovr\u00e0 collaborare con\u00a0 i suoi colleghi dell\u2019area urbanistica e tecnica nell\u2019espletamento delle numerose pratiche rimaste inevase ds diverso tempo. Nell\u2019ambito del fabbisogno del personale che riguarda la casa comunale \u00e8 noto come gi\u00e0 qualche\u00a0 settimana fa il commissario prefettizio ha deliberato l\u2019atto che dispone per i prossimi mesi l\u2019assunzione tramite concorso di un comandante della Polizia Municipale e di due agenti. Al momento a dirigere i caschi bianchi \u00e8 stato chiamato part-time Giovanni Fusco in servizio al comune di Sparanise. La convenzione tra i due comuni \u00e8 stata siglata poco dopo l\u2019arrivo della commissaria Fracassi. \u00c8 noto come allo stato attuale sono solo tre le unit\u00e0 a disposizione per quello che riguarda la polizia locale. Un numero decisamente esiguo per un territorio molto vasto come quello di Carinola. Inoltre nel mese di luglio\u00a0 \u00e8 previsto un ulteriore taglio dovuto al pensionamento del luogotenente Nicola Di Biasio. La nuova amministrazione dovr\u00e0 porre la massima priorit\u00e0 alle nuove assunzioni che riguardano anche gli uffici relativi alla riscossione tributi.<\/p>\n","protected":false},"excerpt":{"rendered":"<p>&nbsp; &nbsp; &nbsp; &nbsp; &nbsp; CARINOLA &#8211; (di Joe Capua) \u2013 \u00a0La vice prefetto Stella Fracassi ha firmato<\/p>\n","protected":false},"author":2,"featured_media":28348,"comment_status":"closed","ping_status":"closed","sticky":false,"template":"","format":"standard","meta":{"sfsi_plus_gutenberg_text_before_share":"","sfsi_plus_gutenberg_show_text_before_share":"","sfsi_plus_gutenberg_icon_type":"","sfsi_plus_gutenberg_icon_alignemt":"","sfsi_plus_gutenburg_max_per_row":"","footnotes":""},"categories":[2973,37],"tags":[],"class_list":["post-28650","post","type-post","status-publish","format-standard","has-post-thumbnail","hentry","category-carinola","category-notizie-locali"],"_links":{"self":[{"href":"https:\/\/www.thereportzone.it\/index.php?rest_route=\/wp\/v2\/posts\/28650"}],"collection":[{"href":"https:\/\/www.thereportzone.it\/index.php?rest_route=\/wp\/v2\/posts"}],"about":[{"href":"https:\/\/www.thereportzone.it\/index.php?rest_route=\/wp\/v2\/types\/post"}],"author":[{"embeddable":true,"href":"https:\/\/www.thereportzone.it\/index.php?rest_route=\/wp\/v2\/users\/2"}],"replies":[{"embeddable":true,"href":"https:\/\/www.thereportzone.it\/index.php?rest_route=%2Fwp%2Fv2%2Fcomments&post=28650"}],"version-history":[{"count":0,"href":"https:\/\/www.thereportzone.it\/index.php?rest_route=\/wp\/v2\/posts\/28650\/revisions"}],"wp:featuredmedia":[{"embeddable":true,"href":"https:\/\/www.thereportzone.it\/index.php?rest_route=\/"}],"wp:attachment":[{"href":"https:\/\/www.thereportzone.it\/index.php?rest_route=%2Fwp%2Fv2%2Fmedia&parent=28650"}],"wp:term":[{"taxonomy":"category","embeddable":true,"href":"https:\/\/www.thereportzone.it\/index.php?rest_route=%2Fwp%2Fv2%2Fcategories&post=28650"},{"taxonomy":"post_tag","embeddable":true,"href":"https:\/\/www.thereportzone.it\/index.php?rest_route=%2Fwp%2Fv2%2Ftags&post=28650"}],"curies":[{"name":"wp","href":"https:\/\/api.w.org\/{rel}","templated":true}]}}