{"id":28526,"date":"2021-01-29T16:21:50","date_gmt":"2021-01-29T15:21:50","guid":{"rendered":"https:\/\/www.thereportzone.it\/?p=28526"},"modified":"2021-01-29T16:21:50","modified_gmt":"2021-01-29T15:21:50","slug":"carinola-verso-le-elezioni-comunali-incontri-interlocutori-tra-i-vari-gruppi-in-campo","status":"publish","type":"post","link":"https:\/\/www.thereportzone.it\/?p=28526","title":{"rendered":"CARINOLA \u2013 Verso le elezioni comunali: incontri interlocutori tra i vari gruppi in campo"},"content":{"rendered":"<p>&nbsp;<br \/>\n&nbsp;<br \/>\n&nbsp;<br \/>\n&nbsp;<br \/>\n<strong>CARINOLA &#8211; <\/strong>(di <strong><em>Fabio Zanni<\/em><\/strong>) \u2013 \u00a0Si intensificano gli incontri tra i vari gruppi politici. Riunioni cosiddette interlocutorie. Chiaro ormai che se non si conoscer\u00e0 la data del voto difficilmente potranno delinearsi le alleanze. A pi\u00f9 riprese avevamo detto che tra gli esponenti che potrebbero scendere in campo c\u2019\u00e8 anche l\u2019ex assessore Antonio Pagano. Quest\u2019ultimo ha svolto tale ruolo (con delega al bilancio) in qualit\u00e0 di \u201ctecnico\u201d nei primi mesi dell\u2019amministrazione guidata dal compianto sindaco Luigi De Risi. Pagano si dovr\u00e0 incontrare nei prossimi giorni con il sodalizio politico di Fratelli D\u2019Italia coordinato da Fabio Monfreda che insieme a Salvatore Giacca hanno il compito di interloquire con chi ha idee e programmi da proporre per la tornata elettorale che inizier\u00e0 di qui a qualche mese. FDI ha gi\u00e0 avuto di recente un colloquio con Rosa Di Maio. Non si \u00e8 discusso sui nomi da candidare, ma \u00e8 facile ipotizzare che l\u2019ex consigliera comunale non abbia nascosto le sue intenzioni di concorrere per la fascia. Un discorso che sar\u00e0 presumibilmente valido anche per Franco Di Biasio che ha chiesto di incontrare i rappresentanti del partito di Fratelli D\u2019Italia. Si attendono nel giro di qualche giorno anche comunicati da parte del Partito Democratico che\u00a0 vede nell\u2019ex sindaco Pasquale Di Biasio uno dei massimi rappresentanti a livello comunale. Chiaro che verr\u00e0 avanzata con ogni probabilit\u00e0 la candidatura di sua figlia Giuseppina. L\u2019avvocatessa della famiglia Di Biasio non ha rilasciato finora alcuna dichiarazione e quindi non resta che attendere qualche nota al riguardo che possa fare chiarezza. A chiederlo in tal senso \u00e8 tra gli altri Antimo Marrese. L\u2019ex delegato al bilancio dell\u2019amministrazione Russo \u00e8 in attesa come tutti della data in cui si voter\u00e0, fino ad allora tutti i nodi non verranno sciolti. A guardare l\u2019evolversi della situazione \u00e8 il gruppo \u201cAzione Carinola\u201d\u00a0 di cui \u00e8 referente Giannantonio Anfora. Mentre dalla prossima settimana si dovrebbe avere qualche novit\u00e0 anche sul fronte della possibile terza lista. A tal proposito tra i pi\u00f9 attivi c\u2019\u00e8 Renato Luigi De Spirito.<br \/>\n<em>\u00a0<\/em><\/p>\n","protected":false},"excerpt":{"rendered":"<p>&nbsp; &nbsp; &nbsp; &nbsp; CARINOLA &#8211; (di Fabio Zanni) \u2013 \u00a0Si intensificano gli incontri tra i vari gruppi<\/p>\n","protected":false},"author":2,"featured_media":28465,"comment_status":"closed","ping_status":"closed","sticky":false,"template":"","format":"standard","meta":{"sfsi_plus_gutenberg_text_before_share":"","sfsi_plus_gutenberg_show_text_before_share":"","sfsi_plus_gutenberg_icon_type":"","sfsi_plus_gutenberg_icon_alignemt":"","sfsi_plus_gutenburg_max_per_row":"","footnotes":""},"categories":[2973,8,941],"tags":[],"class_list":["post-28526","post","type-post","status-publish","format-standard","has-post-thumbnail","hentry","category-carinola","category-cronaca","category-uncategorized"],"_links":{"self":[{"href":"https:\/\/www.thereportzone.it\/index.php?rest_route=\/wp\/v2\/posts\/28526"}],"collection":[{"href":"https:\/\/www.thereportzone.it\/index.php?rest_route=\/wp\/v2\/posts"}],"about":[{"href":"https:\/\/www.thereportzone.it\/index.php?rest_route=\/wp\/v2\/types\/post"}],"author":[{"embeddable":true,"href":"https:\/\/www.thereportzone.it\/index.php?rest_route=\/wp\/v2\/users\/2"}],"replies":[{"embeddable":true,"href":"https:\/\/www.thereportzone.it\/index.php?rest_route=%2Fwp%2Fv2%2Fcomments&post=28526"}],"version-history":[{"count":0,"href":"https:\/\/www.thereportzone.it\/index.php?rest_route=\/wp\/v2\/posts\/28526\/revisions"}],"wp:featuredmedia":[{"embeddable":true,"href":"https:\/\/www.thereportzone.it\/index.php?rest_route=\/"}],"wp:attachment":[{"href":"https:\/\/www.thereportzone.it\/index.php?rest_route=%2Fwp%2Fv2%2Fmedia&parent=28526"}],"wp:term":[{"taxonomy":"category","embeddable":true,"href":"https:\/\/www.thereportzone.it\/index.php?rest_route=%2Fwp%2Fv2%2Fcategories&post=28526"},{"taxonomy":"post_tag","embeddable":true,"href":"https:\/\/www.thereportzone.it\/index.php?rest_route=%2Fwp%2Fv2%2Ftags&post=28526"}],"curies":[{"name":"wp","href":"https:\/\/api.w.org\/{rel}","templated":true}]}}