{"id":28493,"date":"2021-01-27T16:52:14","date_gmt":"2021-01-27T15:52:14","guid":{"rendered":"https:\/\/www.thereportzone.it\/?p=28493"},"modified":"2021-01-27T16:52:14","modified_gmt":"2021-01-27T15:52:14","slug":"falciano-elezioni-comunali-2022-vincenzo-cestrone-e-ugo-zannini-si-sfidano-nelle-primarie","status":"publish","type":"post","link":"https:\/\/www.thereportzone.it\/?p=28493","title":{"rendered":"FALCIANO &#8211; Elezioni Comunali 2022: Vincenzo Cestrone e Ugo Zannini si sfidano nelle primarie"},"content":{"rendered":"<p>&nbsp;<br \/>\n&nbsp;<br \/>\n<strong>FALCIANO<\/strong> &#8211; (di <em><strong>Fabio Zanni<\/strong><\/em>) &#8211; I gruppi politici di centro destra e altri sodalizi civici hanno deciso che per la scelta del prossimo candidato sindaco \u00a0bisogner\u00e0 passare per le primarie. \u00a0In campo per questa sfida ci sono Vincenzo Cestrone, in rappresentanza del gruppo &#8220;Lega per Salvini&#8221; e Ugo Zannini. \u00a0A sostegno dei due aspiranti sindaci c&#8217;\u00e8 il gruppo civico \u201cFalciano Attiva\u201d di cui \u00e8 \u00a0referente Tommy Todisco e Forza Italia. Dall&#8217;ultimo incontro \u00e8 stato inoltre deciso che fino al 28 febbraio \u00e8 aperta la possibilit\u00e0 ad altri eventuali gruppi di poter proporre candidati alle primarie oltre ai nominativi menzionati dinanzi. Sulla data in cui si svolgeranno le primarie non c&#8217;\u00e8 ancora certezza. Probabile che se ne parli a fine aprile. Dipende anche da come si evolve la questione legata al Covid.<\/p>\n","protected":false},"excerpt":{"rendered":"<p>&nbsp; &nbsp; FALCIANO &#8211; (di Fabio Zanni) &#8211; I gruppi politici di centro destra e altri sodalizi civici<\/p>\n","protected":false},"author":2,"featured_media":2999,"comment_status":"closed","ping_status":"closed","sticky":false,"template":"","format":"standard","meta":{"sfsi_plus_gutenberg_text_before_share":"","sfsi_plus_gutenberg_show_text_before_share":"","sfsi_plus_gutenberg_icon_type":"","sfsi_plus_gutenberg_icon_alignemt":"","sfsi_plus_gutenburg_max_per_row":"","footnotes":""},"categories":[4,9],"tags":[],"class_list":["post-28493","post","type-post","status-publish","format-standard","has-post-thumbnail","hentry","category-falciano","category-politica"],"_links":{"self":[{"href":"https:\/\/www.thereportzone.it\/index.php?rest_route=\/wp\/v2\/posts\/28493"}],"collection":[{"href":"https:\/\/www.thereportzone.it\/index.php?rest_route=\/wp\/v2\/posts"}],"about":[{"href":"https:\/\/www.thereportzone.it\/index.php?rest_route=\/wp\/v2\/types\/post"}],"author":[{"embeddable":true,"href":"https:\/\/www.thereportzone.it\/index.php?rest_route=\/wp\/v2\/users\/2"}],"replies":[{"embeddable":true,"href":"https:\/\/www.thereportzone.it\/index.php?rest_route=%2Fwp%2Fv2%2Fcomments&post=28493"}],"version-history":[{"count":0,"href":"https:\/\/www.thereportzone.it\/index.php?rest_route=\/wp\/v2\/posts\/28493\/revisions"}],"wp:featuredmedia":[{"embeddable":true,"href":"https:\/\/www.thereportzone.it\/index.php?rest_route=\/"}],"wp:attachment":[{"href":"https:\/\/www.thereportzone.it\/index.php?rest_route=%2Fwp%2Fv2%2Fmedia&parent=28493"}],"wp:term":[{"taxonomy":"category","embeddable":true,"href":"https:\/\/www.thereportzone.it\/index.php?rest_route=%2Fwp%2Fv2%2Fcategories&post=28493"},{"taxonomy":"post_tag","embeddable":true,"href":"https:\/\/www.thereportzone.it\/index.php?rest_route=%2Fwp%2Fv2%2Ftags&post=28493"}],"curies":[{"name":"wp","href":"https:\/\/api.w.org\/{rel}","templated":true}]}}