{"id":28440,"date":"2021-01-25T15:47:00","date_gmt":"2021-01-25T14:47:00","guid":{"rendered":"https:\/\/www.thereportzone.it\/?p=28440"},"modified":"2021-01-25T15:47:00","modified_gmt":"2021-01-25T14:47:00","slug":"carinola-la-vice-prefetto-stella-fracassi-firma-la-delibera-per-la-proroga-degli-lsu","status":"publish","type":"post","link":"https:\/\/www.thereportzone.it\/?p=28440","title":{"rendered":"CARINOLA \u2013 La Vice Prefetto Stella Fracassi firma la delibera per la proroga degli LSU"},"content":{"rendered":"<p>&nbsp;<br \/>\n&nbsp;<br \/>\n&nbsp;<br \/>\n&nbsp;<br \/>\n&nbsp;<br \/>\n<strong>CARINOLA &#8211; <\/strong>(di <strong><em>Fabio Zanni<\/em><\/strong>) \u2013 \u00a0Il Commissario Prefettizio Stella Fracassi ha firmato la delibera che ha prorogato il contratto dei lavoratori socialmente utili che sono alle dipendenze dell\u2019ente locale. Sono due al momento le unit\u00e0 operative che appartengono a tale settore. La suddetta proroga sar\u00e0 valida fino al 31 dicembre 2021. Il predetto documento \u00e8 stato firmato anche dal responsabile dell\u2019area affari generali Mattia Luberto. Si \u00e8 disposto che al fine di assicurare alla comunit\u00e0 servizi migliori \u00e8 stato valutata l\u2019integrazione dell\u2019orario di lavoro che comunque non dovr\u00e0 superare le 36 ore settimanali. Dalla\u00a0 vice Prefetto Fracassi \u00e8 stato deliberato anche il regolamento per la mobilit\u00e0 esterna. Nei giorni scorsi erano invece state firmate le delibere che sono collegate al bilancio e alla programmazione delle opere sia per il biennio 2021-22 e sia fino al 2023.<br \/>\nTutte disposizioni sarebbero dovute essere svolte dall\u2019amministrazione comunale che per\u00f2 come noto \u00e8 stata sciolta anzitempo per la mancata approvazione dell\u2019esercizio finanziario. L\u2019impegno della Fracassi per portare avanti l\u2019ordinaria amministrazione riguarda anche la nomina del direttore dei lavori per l\u2019esecuzione delle opere inerenti l\u2019ampliamento dei cimiteri.<br \/>\n&nbsp;<br \/>\n&nbsp;<br \/>\n&nbsp;<\/p>\n","protected":false},"excerpt":{"rendered":"<p>&nbsp; &nbsp; &nbsp; &nbsp; &nbsp; CARINOLA &#8211; (di Fabio Zanni) \u2013 \u00a0Il Commissario Prefettizio Stella Fracassi ha firmato<\/p>\n","protected":false},"author":2,"featured_media":28348,"comment_status":"closed","ping_status":"closed","sticky":false,"template":"","format":"standard","meta":{"sfsi_plus_gutenberg_text_before_share":"","sfsi_plus_gutenberg_show_text_before_share":"","sfsi_plus_gutenberg_icon_type":"","sfsi_plus_gutenberg_icon_alignemt":"","sfsi_plus_gutenburg_max_per_row":"","footnotes":""},"categories":[2973],"tags":[],"class_list":["post-28440","post","type-post","status-publish","format-standard","has-post-thumbnail","hentry","category-carinola"],"_links":{"self":[{"href":"https:\/\/www.thereportzone.it\/index.php?rest_route=\/wp\/v2\/posts\/28440"}],"collection":[{"href":"https:\/\/www.thereportzone.it\/index.php?rest_route=\/wp\/v2\/posts"}],"about":[{"href":"https:\/\/www.thereportzone.it\/index.php?rest_route=\/wp\/v2\/types\/post"}],"author":[{"embeddable":true,"href":"https:\/\/www.thereportzone.it\/index.php?rest_route=\/wp\/v2\/users\/2"}],"replies":[{"embeddable":true,"href":"https:\/\/www.thereportzone.it\/index.php?rest_route=%2Fwp%2Fv2%2Fcomments&post=28440"}],"version-history":[{"count":0,"href":"https:\/\/www.thereportzone.it\/index.php?rest_route=\/wp\/v2\/posts\/28440\/revisions"}],"wp:featuredmedia":[{"embeddable":true,"href":"https:\/\/www.thereportzone.it\/index.php?rest_route=\/"}],"wp:attachment":[{"href":"https:\/\/www.thereportzone.it\/index.php?rest_route=%2Fwp%2Fv2%2Fmedia&parent=28440"}],"wp:term":[{"taxonomy":"category","embeddable":true,"href":"https:\/\/www.thereportzone.it\/index.php?rest_route=%2Fwp%2Fv2%2Fcategories&post=28440"},{"taxonomy":"post_tag","embeddable":true,"href":"https:\/\/www.thereportzone.it\/index.php?rest_route=%2Fwp%2Fv2%2Ftags&post=28440"}],"curies":[{"name":"wp","href":"https:\/\/api.w.org\/{rel}","templated":true}]}}