{"id":28422,"date":"2021-01-24T14:28:53","date_gmt":"2021-01-24T13:28:53","guid":{"rendered":"https:\/\/www.thereportzone.it\/?p=28422"},"modified":"2021-01-24T14:28:53","modified_gmt":"2021-01-24T13:28:53","slug":"carinola-amministrative-2021-i-vertici-provinciali-di-fratelli-ditalia-nominano-fabio-monfreda-e-salvatore-giacca-ad-intraprendere-le-trattative-con-gli-altri-gruppi-politici","status":"publish","type":"post","link":"https:\/\/www.thereportzone.it\/?p=28422","title":{"rendered":"CARINOLA &#8211; Amministrative 2021. I vertici provinciali di Fratelli D\u2019Italia nominano Fabio Monfreda e Salvatore Giacca ad intraprendere le trattative con gli altri gruppi politici"},"content":{"rendered":"<p><strong><br \/>\nCARINOLA &#8211; <\/strong>(di <strong><em>Fabio Zanni<\/em><\/strong>) \u2013 Scendono in campo i vertici provinciali di Fratelli D\u2019Italia con il commissario Marco Cerreto.<br \/>\nQuest\u2019ultimo attraverso un comunicato ha reso noto di \u00a0aver nominato Fabio Monfreda, gi\u00e0 coordinatore comunale e con lui Salvatore Giacca, quali esponenti del partito per trattare con i vari gruppi politici locali in vista delle prossime elezioni amministrative.<br \/>\nGi\u00e0 negli ultimi giorni come noto il sodalizio politico legato a Giorgia Meloni, ha avuto modo di svolgere una riunione nella quale \u00e8 stato fatto un ampio approfondimento sul \u00a0programma da presentare, si \u00e8 discusso sui componenti attualmente in lista e sulla programmazione dell\u2019agenda per intraprendere incontri di confronto con gli altri gruppi politici locali, cos\u00ec da valutare il possibile rafforzamento del gruppo e di conseguenza la presentazione di una lista ispirata alle posizioni delle forze pi\u00f9 affini al gruppo.<br \/>\nSalvatore Giacca ha espresso piena soddisfazione per la nomina ricevuta dal partito di cui fa parte. Sembrerebbe quindi tramontata l\u2019ipotesi di una possibile candidatura di quest\u2019ultimo al fianco di Franco Di Biasio. Cos\u00ec come sono da verificare le indiscrezioni che vedrebbero il gruppo di FDI ad appoggiare l\u2019eventuale candidatura dell\u2019ex sindaco Antonio Russo. Tutto \u00e8 ancora in itinere. Per avere qualche certezza ci sar\u00e0 da attendere qualche settimana. Bisogner\u00e0 capire prima quale potr\u00e0 essere la data per andare a votare. Si preannuncia una campagna elettorale molto lunga ed estenuante.<\/p>\n","protected":false},"excerpt":{"rendered":"<p>CARINOLA &#8211; (di Fabio Zanni) \u2013 Scendono in campo i vertici provinciali di Fratelli D\u2019Italia con il commissario<\/p>\n","protected":false},"author":2,"featured_media":28347,"comment_status":"closed","ping_status":"closed","sticky":false,"template":"","format":"standard","meta":{"sfsi_plus_gutenberg_text_before_share":"","sfsi_plus_gutenberg_show_text_before_share":"","sfsi_plus_gutenberg_icon_type":"","sfsi_plus_gutenberg_icon_alignemt":"","sfsi_plus_gutenburg_max_per_row":"","footnotes":""},"categories":[2973,9],"tags":[],"class_list":["post-28422","post","type-post","status-publish","format-standard","has-post-thumbnail","hentry","category-carinola","category-politica"],"_links":{"self":[{"href":"https:\/\/www.thereportzone.it\/index.php?rest_route=\/wp\/v2\/posts\/28422"}],"collection":[{"href":"https:\/\/www.thereportzone.it\/index.php?rest_route=\/wp\/v2\/posts"}],"about":[{"href":"https:\/\/www.thereportzone.it\/index.php?rest_route=\/wp\/v2\/types\/post"}],"author":[{"embeddable":true,"href":"https:\/\/www.thereportzone.it\/index.php?rest_route=\/wp\/v2\/users\/2"}],"replies":[{"embeddable":true,"href":"https:\/\/www.thereportzone.it\/index.php?rest_route=%2Fwp%2Fv2%2Fcomments&post=28422"}],"version-history":[{"count":0,"href":"https:\/\/www.thereportzone.it\/index.php?rest_route=\/wp\/v2\/posts\/28422\/revisions"}],"wp:featuredmedia":[{"embeddable":true,"href":"https:\/\/www.thereportzone.it\/index.php?rest_route=\/"}],"wp:attachment":[{"href":"https:\/\/www.thereportzone.it\/index.php?rest_route=%2Fwp%2Fv2%2Fmedia&parent=28422"}],"wp:term":[{"taxonomy":"category","embeddable":true,"href":"https:\/\/www.thereportzone.it\/index.php?rest_route=%2Fwp%2Fv2%2Fcategories&post=28422"},{"taxonomy":"post_tag","embeddable":true,"href":"https:\/\/www.thereportzone.it\/index.php?rest_route=%2Fwp%2Fv2%2Ftags&post=28422"}],"curies":[{"name":"wp","href":"https:\/\/api.w.org\/{rel}","templated":true}]}}