{"id":28415,"date":"2021-01-23T12:18:41","date_gmt":"2021-01-23T11:18:41","guid":{"rendered":"https:\/\/www.thereportzone.it\/?p=28415"},"modified":"2021-01-23T12:18:41","modified_gmt":"2021-01-23T11:18:41","slug":"carinola-ampliamento-cimiteri-comunali-a-breve-la-nomina-del-direttore-dei-lavori","status":"publish","type":"post","link":"https:\/\/www.thereportzone.it\/?p=28415","title":{"rendered":"CARINOLA &#8211; Ampliamento cimiteri comunali: a breve la nomina del direttore dei lavori"},"content":{"rendered":"<p>&nbsp;<br \/>\n<strong>CARINOLA &#8211; <\/strong>(di <strong><em>Fabio Zanni<\/em><\/strong>) \u2013 Sembra ci siano buone notizie in merito alla questione legata all\u2019avvio dei lavori per l\u2019ampliamento dei cimiteri di Nocelleto e Casanova. Stando alle ultime notizie la vice prefetto Stella Fracassi sta valutando in questi giorni il professionista da nominare per dirigere l\u2019esecuzione di tali opere. Come si ricorder\u00e0 per portare a termine il progetto di ampliamento verranno utilizzati i fondi gi\u00e0 in parte incassati dalla vendita dei loculi che dovranno essere realizzati nel camposanto centrale di Nocelleto e nella Cappella delle Ossaie a Casanova. Nel primo caso si spenderanno circa 960mila euro da aggiungere agli oltre 150mila per la struttura di S,Lorenzo a Casanova.<br \/>\nTutti coloro che hanno gi\u00e0 sborsato la met\u00e0 della somma pattuita \u00a0hanno spesso messo in evidenza i ritardi per l\u2019avvio di tale progetto. Dopo due anni circa di rimostranze a breve potrebbero quindi iniziare i lavori. Questo ritardo come hanno sapere a pi\u00f9 riprese gli ex esponenti del governo locale \u00e8 dovuto esclusivamente ad intoppi di carattere burocratico.<br \/>\n\u00c8 noto come nel cimitero di Casanova si attendono interventi mirati anche alla realizzazione di una adeguata camera morturaria, di un\u2019area parcheggio\u00a0 e dei servizi igienici.\u00a0 Al di l\u00e0 dei lavori di ampliamento dovranno essere definiti anche gli ultimi dettagli per i contratti legati agli utenti interessati all\u2019utilizzo delle lampade votive sulle tombe esterne. I prezzi sono gi\u00e0 stati stabiliti da diverso tempo. Si pagher\u00e0 al massimo 20 euro annui per chi vorr\u00e0 fare un contratto nuovo.<\/p>\n","protected":false},"excerpt":{"rendered":"<p>&nbsp; CARINOLA &#8211; (di Fabio Zanni) \u2013 Sembra ci siano buone notizie in merito alla questione legata all\u2019avvio<\/p>\n","protected":false},"author":2,"featured_media":28348,"comment_status":"closed","ping_status":"closed","sticky":false,"template":"","format":"standard","meta":{"sfsi_plus_gutenberg_text_before_share":"","sfsi_plus_gutenberg_show_text_before_share":"","sfsi_plus_gutenberg_icon_type":"","sfsi_plus_gutenberg_icon_alignemt":"","sfsi_plus_gutenburg_max_per_row":"","footnotes":""},"categories":[2973],"tags":[],"class_list":["post-28415","post","type-post","status-publish","format-standard","has-post-thumbnail","hentry","category-carinola"],"_links":{"self":[{"href":"https:\/\/www.thereportzone.it\/index.php?rest_route=\/wp\/v2\/posts\/28415"}],"collection":[{"href":"https:\/\/www.thereportzone.it\/index.php?rest_route=\/wp\/v2\/posts"}],"about":[{"href":"https:\/\/www.thereportzone.it\/index.php?rest_route=\/wp\/v2\/types\/post"}],"author":[{"embeddable":true,"href":"https:\/\/www.thereportzone.it\/index.php?rest_route=\/wp\/v2\/users\/2"}],"replies":[{"embeddable":true,"href":"https:\/\/www.thereportzone.it\/index.php?rest_route=%2Fwp%2Fv2%2Fcomments&post=28415"}],"version-history":[{"count":0,"href":"https:\/\/www.thereportzone.it\/index.php?rest_route=\/wp\/v2\/posts\/28415\/revisions"}],"wp:featuredmedia":[{"embeddable":true,"href":"https:\/\/www.thereportzone.it\/index.php?rest_route=\/"}],"wp:attachment":[{"href":"https:\/\/www.thereportzone.it\/index.php?rest_route=%2Fwp%2Fv2%2Fmedia&parent=28415"}],"wp:term":[{"taxonomy":"category","embeddable":true,"href":"https:\/\/www.thereportzone.it\/index.php?rest_route=%2Fwp%2Fv2%2Fcategories&post=28415"},{"taxonomy":"post_tag","embeddable":true,"href":"https:\/\/www.thereportzone.it\/index.php?rest_route=%2Fwp%2Fv2%2Ftags&post=28415"}],"curies":[{"name":"wp","href":"https:\/\/api.w.org\/{rel}","templated":true}]}}