{"id":28256,"date":"2021-01-14T09:10:08","date_gmt":"2021-01-14T08:10:08","guid":{"rendered":"https:\/\/www.thereportzone.it\/?p=28256"},"modified":"2021-01-14T09:10:08","modified_gmt":"2021-01-14T08:10:08","slug":"esclusiva-carinola-il-gruppo-carinola-rinasce-incontra-azione-carinola","status":"publish","type":"post","link":"https:\/\/www.thereportzone.it\/?p=28256","title":{"rendered":"ESCLUSIVA CARINOLA &#8211; Il gruppo Carinola Rinasce incontra Azione Carinola"},"content":{"rendered":"<p>&nbsp;<br \/>\n&nbsp;<br \/>\n<strong>CARINOLA<\/strong>. Nella serata di ieri, si \u00e8 svolto a Nocelleto un primo approccio tra i due gruppi politici. Il responsabile di Azione, <strong>Giannantonio Anfora<\/strong> dopo una breve presentazione di quella che \u00e8 la finalit\u00e0 del loro progetto politico, ha evidenziato che hanno gi\u00e0 incontrato un altra forza politica , e che nel segno della Piena trasparenza si confronteranno anche con altre realt\u00e0 politico\/associative.<br \/>\nUn incontro positivo ha subito rimarcato <strong>Franco Di Biasio<\/strong>, in quanto sono stati affrontati quelli che sono punti programmatici che potrebbero essere condivisi tenendo ben chiara la situazione economica in cui versa l\u2019ente. Una buona programmazione con la capacit\u00e0 di attrarre finanziamenti deve essere la chiave principale su cui costruire una base su cui lavorare. \u00c8 stato poi ribadita la necessaria esigenza di uno svecchiamento, non anagrafico, ma di competenze soprattutto. Un ottimo inizio, considerando che stranamente come poche volte succede , al tavolo non si \u00e8 parlato di candidature e di investiture, ma solo di ci\u00f2 che si vuole creare per ridare a Carinola un volto nuovo.<\/p>\n","protected":false},"excerpt":{"rendered":"<p>&nbsp; &nbsp; CARINOLA. Nella serata di ieri, si \u00e8 svolto a Nocelleto un primo approccio tra i due<\/p>\n","protected":false},"author":2,"featured_media":28258,"comment_status":"closed","ping_status":"closed","sticky":false,"template":"","format":"standard","meta":{"sfsi_plus_gutenberg_text_before_share":"","sfsi_plus_gutenberg_show_text_before_share":"","sfsi_plus_gutenberg_icon_type":"","sfsi_plus_gutenberg_icon_alignemt":"","sfsi_plus_gutenburg_max_per_row":"","footnotes":""},"categories":[2973,9],"tags":[],"class_list":["post-28256","post","type-post","status-publish","format-standard","has-post-thumbnail","hentry","category-carinola","category-politica"],"_links":{"self":[{"href":"https:\/\/www.thereportzone.it\/index.php?rest_route=\/wp\/v2\/posts\/28256"}],"collection":[{"href":"https:\/\/www.thereportzone.it\/index.php?rest_route=\/wp\/v2\/posts"}],"about":[{"href":"https:\/\/www.thereportzone.it\/index.php?rest_route=\/wp\/v2\/types\/post"}],"author":[{"embeddable":true,"href":"https:\/\/www.thereportzone.it\/index.php?rest_route=\/wp\/v2\/users\/2"}],"replies":[{"embeddable":true,"href":"https:\/\/www.thereportzone.it\/index.php?rest_route=%2Fwp%2Fv2%2Fcomments&post=28256"}],"version-history":[{"count":0,"href":"https:\/\/www.thereportzone.it\/index.php?rest_route=\/wp\/v2\/posts\/28256\/revisions"}],"wp:featuredmedia":[{"embeddable":true,"href":"https:\/\/www.thereportzone.it\/index.php?rest_route=\/"}],"wp:attachment":[{"href":"https:\/\/www.thereportzone.it\/index.php?rest_route=%2Fwp%2Fv2%2Fmedia&parent=28256"}],"wp:term":[{"taxonomy":"category","embeddable":true,"href":"https:\/\/www.thereportzone.it\/index.php?rest_route=%2Fwp%2Fv2%2Fcategories&post=28256"},{"taxonomy":"post_tag","embeddable":true,"href":"https:\/\/www.thereportzone.it\/index.php?rest_route=%2Fwp%2Fv2%2Ftags&post=28256"}],"curies":[{"name":"wp","href":"https:\/\/api.w.org\/{rel}","templated":true}]}}