{"id":28040,"date":"2020-12-22T18:12:06","date_gmt":"2020-12-22T17:12:06","guid":{"rendered":"https:\/\/www.thereportzone.it\/?p=28040"},"modified":"2020-12-22T18:12:06","modified_gmt":"2020-12-22T17:12:06","slug":"falciano-lolio-il-sapore-della-terra-del-falerno-a-cura-del-prof-toscano","status":"publish","type":"post","link":"https:\/\/www.thereportzone.it\/?p=28040","title":{"rendered":"FALCIANO &#8211; L\u2019olio: il sapore della terra del Falerno (a cura del Prof. Toscano)"},"content":{"rendered":"<p><a href=\"https:\/\/www.thereportzone.it\/wp-content\/uploads\/2017\/03\/giovanni-toscano.jpg\"><img fetchpriority=\"high\" decoding=\"async\" class=\"aligncenter size-full wp-image-13989\" src=\"https:\/\/www.thereportzone.it\/wp-content\/uploads\/2017\/03\/giovanni-toscano.jpg\" alt=\"\" width=\"299\" height=\"299\" \/><\/a><br \/>\n<b>FALCIANO<\/b>. (<i>a cura del Prof. <b>Giuseppe Toscano<\/b><\/i>).\u00a0<span class=\"s2\"><span class=\"bumpedFont15\">Se si rovista<\/span><\/span><span class=\"s2\"><span class=\"bumpedFont15\"> con acc<\/span><\/span><span class=\"s2\"><span class=\"bumpedFont15\">uratezza nei vecchi cassetti <\/span><\/span><span class=\"s2\"><span class=\"bumpedFont15\">si trovano<\/span><\/span><span class=\"s2\"><span class=\"bumpedFont15\">, ancora,<\/span><\/span> <span class=\"s2\"><span class=\"bumpedFont15\">vecchie fotografie in bian<\/span><\/span><span class=\"s2\"><span class=\"bumpedFont15\">co e nero consumate dal tempo ma <\/span><\/span><span class=\"s2\"><span class=\"bumpedFont15\">custodite con cura perch\u00e9 ri<\/span><\/span><span class=\"s2\"><span class=\"bumpedFont15\">cordano un <\/span><\/span><span class=\"s2\"><span class=\"bumpedFont15\">passato che non pu\u00f2 <\/span><\/span><span class=\"s2\"><span class=\"bumpedFont15\">essere <\/span><\/span><span class=\"s2\"><span class=\"bumpedFont15\">cancellato dalla<\/span><\/span><span class=\"s2\"><span class=\"bumpedFont15\"> nostra <\/span><\/span><span class=\"s2\"><span class=\"bumpedFont15\">memoria e dalla storia vissuta di un\u2019intera generazione<\/span><\/span><span class=\"s2\"><span class=\"bumpedFont15\">, Q<\/span><\/span><span class=\"s2\"><span class=\"bumpedFont15\">uando<\/span><\/span><span class=\"s2\"><span class=\"bumpedFont15\">,<\/span><\/span><span class=\"s2\"><span class=\"bumpedFont15\"> in varie occasioni<\/span><\/span><span class=\"s2\"><span class=\"bumpedFont15\">,<\/span><\/span><span class=\"s2\"><span class=\"bumpedFont15\"> le<\/span><\/span><span class=\"s2\"><span class=\"bumpedFont15\"> si rivedono<\/span><\/span><span class=\"s2\"><span class=\"bumpedFont15\"> ritornano i<\/span><\/span> <span class=\"s2\"><span class=\"bumpedFont15\">ricordi di un\u2019et\u00e0 vissuta di privazione ma anche di speranza<\/span><\/span><span class=\"s2\"><span class=\"bumpedFont15\">.<\/span><\/span><\/p>\n<p class=\"s3\"><span class=\"s2\"><span class=\"bumpedFont15\">Tra le tante. L<\/span><\/span><span class=\"s2\"><span class=\"bumpedFont15\">a fotografia che ritrae dei bambini con una fetta di pane nelle mani<\/span><\/span> <span class=\"s2\"><span class=\"bumpedFont15\">con sopra dell\u2019olio<\/span><\/span><span class=\"s2\"><span class=\"bumpedFont15\"> d\u2019oliva<\/span><\/span> <span class=\"s2\"><span class=\"bumpedFont15\">colpisce con im<\/span><\/span><span class=\"s2\"><span class=\"bumpedFont15\">mediatezza<\/span><\/span><span class=\"s2\"><span class=\"bumpedFont15\">perch\u00e9 oltre a ritrarre quei bambini di allora, oggi uomini di <\/span><\/span><span class=\"s2\"><span class=\"bumpedFont15\">un lungo vissuto alle spalle, <\/span><\/span><span class=\"s2\"><span class=\"bumpedFont15\">fissa <\/span><\/span><span class=\"s2\"><span class=\"bumpedFont15\">la storia di un periodo difficile e problematico ma irripetibile per la sua genui<\/span><\/span><span class=\"s2\"><span class=\"bumpedFont15\">ni<\/span><\/span><span class=\"s2\"><span class=\"bumpedFont15\">t\u00e0.<\/span><\/span><\/p>\n<p class=\"s3\"><span class=\"s2\"><span class=\"bumpedFont15\">Eppure sono ricordi che i giovani di oggi svezzati <\/span><\/span><span class=\"s2\"><span class=\"bumpedFont15\">con omogeneizzati e <\/span><\/span><span class=\"s2\"><span class=\"bumpedFont15\">con pane e Nutella per non dire con tutto ci\u00f2 che si identifica con il cibo spazzatura nobili<\/span><\/span><span class=\"s2\"><span class=\"bumpedFont15\">tato con l\u2019altisonante nome di \u201c<\/span><\/span><span class=\"s2\"><span class=\"bumpedFont15\">s<\/span><\/span><span class=\"s2\"><span class=\"bumpedFont15\">treet<\/span><\/span> <span class=\"s2\"><span class=\"bumpedFont15\">f<\/span><\/span><span class=\"s2\"><span class=\"bumpedFont15\">ood<\/span><\/span><span class=\"s2\"><span class=\"bumpedFont15\">\u201d<\/span><\/span><span class=\"s2\"><span class=\"bumpedFont15\">, in parole povere cibo di strada, dove si trova di tutto e si mangia di tutto perch\u00e9 rappresenta il diverso dalla naturalezza e genuinit\u00e0, <\/span><\/span><span class=\"s2\"><span class=\"bumpedFont15\">non riescono a capire<\/span><\/span><span class=\"s2\"><span class=\"bumpedFont15\">.<\/span><\/span><\/p>\n<p class=\"s3\"><span class=\"s2\"><span class=\"bumpedFont15\">R<\/span><\/span><span class=\"s2\"><span class=\"bumpedFont15\">icordare oggi di essersi nutriti e sostenuti con fette di pane abbr<\/span><\/span><span class=\"s2\"><span class=\"bumpedFont15\">ustolito sulla brace dei <\/span><\/span><span class=\"s2\"><span class=\"bumpedFont15\">camini <\/span><\/span><span class=\"s2\"><span class=\"bumpedFont15\">delle nostre case <\/span><\/span><span class=\"s2\"><span class=\"bumpedFont15\">con le cappe a volte di chiesa<\/span><\/span><span class=\"s2\"><span class=\"bumpedFont15\"> e<\/span><\/span><span class=\"s2\"><span class=\"bumpedFont15\">con sopra<\/span><\/span><span class=\"s2\"><span class=\"bumpedFont15\"> il pane<\/span><\/span><span class=\"s2\"><span class=\"bumpedFont15\"> quell\u2019olio che si decantava negli appositi re<\/span><\/span><span class=\"s2\"><span class=\"bumpedFont15\">cipienti curati e riservati, \u00e8 come riportare indietro con la macchina immaginaria del tempo un mondo non pi\u00f9 nostro.<\/span><\/span><\/p>\n<p class=\"s3\"><span class=\"s2\"><span class=\"bumpedFont15\">Nel tempo<\/span><\/span><span class=\"s2\"><span class=\"bumpedFont15\">,<\/span><\/span><span class=\"s2\"><span class=\"bumpedFont15\"> scandito dalla foto<\/span><\/span><span class=\"s2\"><span class=\"bumpedFont15\">, una fetta di pane con un filo d\u2019olio<\/span><\/span><span class=\"s2\"><span class=\"bumpedFont15\"> era <\/span><\/span><span class=\"s2\"><span class=\"bumpedFont15\">il massimo che si poteva avere sia come nutrimento e sia come ap<\/span><\/span><span class=\"s2\"><span class=\"bumpedFont15\">pagamento di una fame che non abbandonava mai nessuno.<\/span><\/span><\/p>\n<p class=\"s3\"><span class=\"s2\"><span class=\"bumpedFont15\">La maggior parte di noi e dei nostri genitori sono cresciuti, se si aveva la fortuna di avere in casa la farina per il pane e la legna per il camino, con la fetta di pane <\/span><\/span><span class=\"s2\"><span class=\"bumpedFont15\">condita<\/span><\/span> <span class=\"s2\"><span class=\"bumpedFont15\">con l\u2019olio dell<\/span><\/span><span class=\"s2\"><span class=\"bumpedFont15\">e nostre olive. Era<\/span><\/span> <span class=\"s2\"><span class=\"bumpedFont15\">il pasto quotidiano<\/span><\/span><span class=\"s2\"><span class=\"bumpedFont15\">.<\/span><\/span><\/p>\n<p class=\"s3\"><span class=\"s2\"><span class=\"bumpedFont15\">O<\/span><\/span><span class=\"s2\"><span class=\"bumpedFont15\">ggi,<\/span><\/span><span class=\"s2\"><span class=\"bumpedFont15\"> nel ricordare quei tempi<\/span><\/span><span class=\"s2\"><span class=\"bumpedFont15\">, per chi li ricorda e non li ha cancellati dalla sua memoria, sente<\/span><\/span><span class=\"s2\"><span class=\"bumpedFont15\">ancora il<\/span><\/span><span class=\"s2\"><span class=\"bumpedFont15\"> suono croccante <\/span><\/span><span class=\"s2\"><span class=\"bumpedFont15\">del pane<\/span><\/span><span class=\"s2\"><span class=\"bumpedFont15\"> da poco<\/span><\/span><span class=\"s2\"><span class=\"bumpedFont15\">sfornato<\/span><\/span><span class=\"s2\"><span class=\"bumpedFont15\">,<\/span><\/span><span class=\"s2\"><span class=\"bumpedFont15\"> il suo<\/span><\/span><span class=\"s2\"><span class=\"bumpedFont15\"> odore e<\/span><\/span><span class=\"s2\"><span class=\"bumpedFont15\"> sapore arricchito da quel filo d\u2019olio profumato che mai mancava anche nelle case pi\u00f9 povere del paese.<\/span><\/span><\/p>\n<p class=\"s3\"><span class=\"s2\"><span class=\"bumpedFont15\">E le verdure che crescevano spontanee nei campi <\/span><\/span><span class=\"s2\"><span class=\"bumpedFont15\">ed<\/span><\/span> <span class=\"s2\"><span class=\"bumpedFont15\">accompagnavano <\/span><\/span><span class=\"s2\"><span class=\"bumpedFont15\">i piatti poveri di un<\/span><\/span><span class=\"s2\"><span class=\"bumpedFont15\">a cena fatta al lume di candela<\/span><\/span><span class=\"s2\"><span class=\"bumpedFont15\"> che le sagge mamme <\/span><\/span><span class=\"s2\"><span class=\"bumpedFont15\">di un tempo sapevano <\/span><\/span><span class=\"s2\"><span class=\"bumpedFont15\">inventare<\/span><\/span><span class=\"s2\"><span class=\"bumpedFont15\">,<\/span><\/span><span class=\"s2\"><span class=\"bumpedFont15\"> erano insaporite da<\/span><\/span><span class=\"s2\"><span class=\"bumpedFont15\">un olio gustoso e profumato <\/span><\/span><span class=\"s2\"><span class=\"bumpedFont15\">con un retrogusto di leggero amaro <\/span><\/span><span class=\"s2\"><span class=\"bumpedFont15\">che le colline della nostra montagna, Monte Massico, offriva <\/span><\/span><span class=\"s2\"><span class=\"bumpedFont15\">ed ancora offre <\/span><\/span><span class=\"s2\"><span class=\"bumpedFont15\">a piene mani<\/span><\/span><span class=\"s2\"><span class=\"bumpedFont15\">.<\/span><\/span><\/p>\n<p class=\"s3\"><span class=\"s2\"><span class=\"bumpedFont15\">Sono sapori d<\/span><\/span><span class=\"s2\"><span class=\"bumpedFont15\">i emozioni che<\/span><\/span><span class=\"s2\"><span class=\"bumpedFont15\"> si stanno perdendo perch\u00e9 scemano nelle nebbie di un passato che per alcuni \u00e8 un ritornare ai tempi difficili ma felici della propria vita mentre altri, quelli del pane e Nutella, non riescono pi\u00f9 a percepirli perch\u00e9 distratti \u00a0da cibi insapori<\/span><\/span><span class=\"s2\"><span class=\"bumpedFont15\">ti da intingoli strani<\/span><\/span> <span class=\"s2\"><span class=\"bumpedFont15\">per soddisfare ricerche di emozioni ch<\/span><\/span><span class=\"s2\"><span class=\"bumpedFont15\">e appagano le papille del <\/span><\/span><span class=\"s2\"><span class=\"bumpedFont15\">palato ma che poi non lasciano tracce di sapori che solo l\u2019olio, un prodotto antico e genuino, pu\u00f2 donare <\/span><\/span><span class=\"s2\"><span class=\"bumpedFont15\">ai <\/span><\/span><span class=\"s2\"><span class=\"bumpedFont15\">cibi.<\/span><\/span><\/p>\n<p class=\"s3\"><span class=\"s2\"><span class=\"bumpedFont15\">E\u2019 necessario sostenere e tutelare<\/span><\/span><span class=\"s2\"><span class=\"bumpedFont15\"> il valore di questo alimento cos\u00ec prezioso sin dall\u2019antichit\u00e0 <\/span><\/span><span class=\"s2\"><span class=\"bumpedFont15\">perch\u00e9 <\/span><\/span><span class=\"s2\"><span class=\"bumpedFont15\">utile e necessario per l\u2019alimentazione umana in quanto possiede caratteristiche organolettiche che aiutano il benessere di ognuno di noi.<\/span><\/span><\/p>\n<p class=\"s3\"><span class=\"s2\"><span class=\"bumpedFont15\">Sappiamo<\/span><\/span><span class=\"s2\"><span class=\"bumpedFont15\"> che l\u2019olio di o<\/span><\/span><span class=\"s2\"><span class=\"bumpedFont15\">liv<\/span><\/span><span class=\"s2\"><span class=\"bumpedFont15\">a<\/span><\/span><span class=\"s2\"><span class=\"bumpedFont15\"> \u00e8 un antiossidante, previene <\/span><\/span><span class=\"s2\"><span class=\"bumpedFont15\">l\u2019invecchiamento della pelle, aiuta l\u2019accrescimento corporeo ed \u00e8 ricco di carboidrati o<\/span><\/span><span class=\"s2\"><span class=\"bumpedFont15\">ltre<\/span><\/span><span class=\"s2\"><span class=\"bumpedFont15\"> a far diminuire il colesterolo LDL, il colesterolo cattivo,<\/span><\/span><span class=\"s2\"><span class=\"bumpedFont15\"> e per tali motivi deve<\/span><\/span> <span class=\"s2\"><span class=\"bumpedFont15\">essere scelto come condimento utile e necessario per la nostra salute.<\/span><\/span><\/p>\n<p class=\"s3\"><span class=\"s2\"><span class=\"bumpedFont15\">Il territorio dell\u2019<\/span><\/span><span class=\"s2\"><span class=\"bumpedFont15\">Ager<\/span><\/span> <span class=\"s2\"><span class=\"bumpedFont15\">Falernus<\/span><\/span><span class=\"s2\"><span class=\"bumpedFont15\"> con la zona<\/span><\/span><span class=\"s2\"><span class=\"bumpedFont15\">collinare e le prime propaggini<\/span><\/span><span class=\"s2\"><span class=\"bumpedFont15\"> della pianura <\/span><\/span><span class=\"s2\"><span class=\"bumpedFont15\">rappresenta<\/span><\/span><span class=\"s2\"><span class=\"bumpedFont15\"> un habitat antico<\/span><\/span><span class=\"s2\"><span class=\"bumpedFont15\"> per le piante<\/span><\/span><span class=\"s2\"><span class=\"bumpedFont15\"> d\u2019<\/span><\/span><span class=\"s2\"><span class=\"bumpedFont15\">ulivo e per la produzione dell\u2019<\/span><\/span><span class=\"s2\"><span class=\"bumpedFont15\">olio <\/span><\/span><span class=\"s2\"><span class=\"bumpedFont15\">perch\u00e9 gli alberi, alcuni secolari, risiedono in un terreno sassoso<\/span><\/span><span class=\"s2\"><span class=\"bumpedFont15\">, umido<\/span><\/span><span class=\"s2\"><span class=\"bumpedFont15\"> ed a terrazzo che guardano verso il mare e la pianura oltre che essere esposti ad un\u2019irradiazione solare quasi unica.<\/span><\/span><\/p>\n<p class=\"s3\"><span class=\"s2\"><span class=\"bumpedFont15\">Si racconta che le prime piante di ulivo furono portate <\/span><\/span><span class=\"s2\"><span class=\"bumpedFont15\">in questo habitat<\/span><\/span> <span class=\"s2\"><span class=\"bumpedFont15\">dai Fenici<\/span><\/span><span class=\"s2\"><span class=\"bumpedFont15\"> e gli Etruschi<\/span><\/span><span class=\"s2\"><span class=\"bumpedFont15\">,<\/span><\/span><span class=\"s2\"><span class=\"bumpedFont15\">con<\/span><\/span><span class=\"s2\"><span class=\"bumpedFont15\"> la fondazione della <\/span><\/span><span class=\"s2\"><span class=\"bumpedFont15\">colonia di <\/span><\/span><span class=\"s2\"><span class=\"bumpedFont15\">Cuma<\/span><\/span><span class=\"s2\"><span class=\"bumpedFont15\">, ne diffuser<\/span><\/span><span class=\"s2\"><span class=\"bumpedFont15\">o la presenza e la coltivazione.<\/span><\/span><\/p>\n<p class=\"s3\"><span class=\"s2\"><span class=\"bumpedFont15\">I<\/span><\/span><span class=\"s2\"><span class=\"bumpedFont15\"> Romani che si insediarono successi<\/span><\/span><span class=\"s2\"><span class=\"bumpedFont15\">vamente nell\u2019<\/span><\/span><span class=\"s2\"><span class=\"bumpedFont15\">Ager<\/span><\/span><span class=\"s2\"><span class=\"bumpedFont15\"> \u00a0<\/span><\/span><span class=\"s2\"><span class=\"bumpedFont15\">cura<\/span><\/span><span class=\"s2\"><span class=\"bumpedFont15\">rono <\/span><\/span><span class=\"s2\"><span class=\"bumpedFont15\">la vite e la pr<\/span><\/span><span class=\"s2\"><span class=\"bumpedFont15\">oduzione di un vino unico<\/span><\/span><span class=\"s2\"><span class=\"bumpedFont15\">, il <\/span><\/span><span class=\"s2\"><span class=\"bumpedFont15\">Falernum<\/span><\/span><span class=\"s2\"><span class=\"bumpedFont15\">, ma non tralasciarono la coltivazione degli alberi di ulivo<\/span><\/span><span class=\"s2\"><span class=\"bumpedFont15\"> e la produzione del suo olio necessario <\/span><\/span><span class=\"s2\"><span class=\"bumpedFont15\">per la loro alimentazione e <\/span><\/span><span class=\"s2\"><span class=\"bumpedFont15\">per il commercio con il nord dell\u2019Impero<\/span><\/span><span class=\"s2\"><span class=\"bumpedFont15\">.<\/span><\/span><\/p>\n<p class=\"s3\"><span class=\"s2\"><span class=\"bumpedFont15\">L\u2019olio di o<\/span><\/span><span class=\"s2\"><span class=\"bumpedFont15\">liva per i Romani era un<\/span><\/span><span class=\"s2\"><span class=\"bumpedFont15\"> condimento<\/span><\/span><span class=\"s2\"><span class=\"bumpedFont15\">necess<\/span><\/span><span class=\"s2\"><span class=\"bumpedFont15\">ario \u00a0per i loro piatti di<\/span><\/span><span class=\"s2\"><span class=\"bumpedFont15\"> verdure e di<\/span><\/span><span class=\"s2\"><span class=\"bumpedFont15\"> erbe commestibili <\/span><\/span><span class=\"s2\"><span class=\"bumpedFont15\">che accompagnavano altre specialit\u00e0 <\/span><\/span><span class=\"s2\"><span class=\"bumpedFont15\">culinarie <\/span><\/span><span class=\"s2\"><span class=\"bumpedFont15\">delle l<\/span><\/span><span class=\"s2\"><span class=\"bumpedFont15\">oro tavole.<\/span><\/span><\/p>\n<p class=\"s3\"><span class=\"s2\"><span class=\"bumpedFont15\">E le ulive, in salamoia, essiccate al sole o fritte \u00a0non mancavano mai nell\u2019accompagnare il cibo povero di una hostaria o una ricca cena di un patrizio romano.<\/span><\/span><\/p>\n<p class=\"s3\"><span class=\"s2\"><span class=\"bumpedFont15\">L\u2019olio dell\u2019<\/span><\/span><span class=\"s2\"><span class=\"bumpedFont15\">Ager<\/span><\/span> <span class=\"s2\"><span class=\"bumpedFont15\">Falernus<\/span><\/span><span class=\"s2\"><span class=\"bumpedFont15\"> \u00a0era <\/span><\/span><span class=\"s2\"><span class=\"bumpedFont15\">usato<\/span><\/span> <span class=\"s2\"><span class=\"bumpedFont15\">per la preparazione dei <\/span><\/span><span class=\"s2\"><span class=\"bumpedFont15\">prodotti di bellezza e di profumi che rendevano belle ed affascinanti le nobildonne romane.<\/span><\/span><\/p>\n<p class=\"s3\"><span class=\"s2\"><span class=\"bumpedFont15\">I gladiatori d<\/span><\/span><span class=\"s2\"><span class=\"bumpedFont15\">i Foro <\/span><\/span><span class=\"s2\"><span class=\"bumpedFont15\">Popilio<\/span><\/span><span class=\"s2\"><span class=\"bumpedFont15\"> come quelli del Campo di Capua che si cimentavano nell\u2019Anfiteatro della citt\u00e0 usavano lo stesso olio sul loro corpo per rendere il loro muscoli elastici e per mettere in evidenza la loro scultorea figura.<\/span><\/span><\/p>\n<p class=\"s3\"><span class=\"s2\"><span class=\"bumpedFont15\">La cura delle piante di ulivo<\/span><\/span><span class=\"s2\"><span class=\"bumpedFont15\"> e la produzione dell\u2019olio nell\u2019<\/span><\/span><span class=\"s2\"><span class=\"bumpedFont15\">Ager<\/span><\/span> <span class=\"s2\"><span class=\"bumpedFont15\">Falernus<\/span><\/span><span class=\"s2\"><span class=\"bumpedFont15\"> \u00e8 continuata nei<\/span><\/span><span class=\"s2\"><span class=\"bumpedFont15\">secoli ed i documenti ritrovati<\/span><\/span><span class=\"s2\"><span class=\"bumpedFont15\"> ne dimostrano la sua esistenza anche in periodi in cui <\/span><\/span><span class=\"s2\"><span class=\"bumpedFont15\">sembrava che tutto fosse f<\/span><\/span><span class=\"s2\"><span class=\"bumpedFont15\">inito con la calata in Italia dei<\/span><\/span><span class=\"s2\"><span class=\"bumpedFont15\">popoli dal centro Europa che portarono nuove culture ma che non<\/span><\/span><span class=\"s2\"><span class=\"bumpedFont15\"> riuscirono a distruggere la produzione<\/span><\/span><span class=\"s2\"><span class=\"bumpedFont15\"> del vino, dell\u2019olio e del grano.<\/span><\/span><\/p>\n<p class=\"s3\"><span class=\"s2\"><span class=\"bumpedFont15\">L\u2019olio dell\u2019<\/span><\/span><span class=\"s2\"><span class=\"bumpedFont15\">Ager<\/span><\/span> <span class=\"s2\"><span class=\"bumpedFont15\">Falernus<\/span><\/span> <span class=\"s2\"><span class=\"bumpedFont15\">ha una tradizione ed una storia secolare che mai si \u00e8 spenta e che ha sempre accompagnato e nutrito \u00a0le varie generazioni ed oggi solerti ed intelligenti agricoltori di Falciano del Massico, amanti e rispettosi di questo fertile e magnifico territorio, continuano l\u2019opera con fatica <\/span><\/span><span class=\"s2\"><span class=\"bumpedFont15\">e sacrifici <\/span><\/span><span class=\"s2\"><span class=\"bumpedFont15\">perch\u00e9 questo liquido ambrato e con<\/span><\/span> <span class=\"s2\"><span class=\"bumpedFont15\">un leggero <\/span><\/span><span class=\"s2\"><span class=\"bumpedFont15\">retrogusto amarognolo<\/span><\/span><span class=\"s2\"><span class=\"bumpedFont15\"> e piccante<\/span><\/span><span class=\"s2\"><span class=\"bumpedFont15\"> sia sempre presente sulle nostre tavole per accompagnare ed insaporire i nostri cibi<\/span><\/span><span class=\"s2\"><span class=\"bumpedFont15\">.<\/span><\/span><\/p>\n","protected":false},"excerpt":{"rendered":"<p>FALCIANO. (a cura del Prof. Giuseppe Toscano).\u00a0Se si rovista con accuratezza nei vecchi cassetti si trovano, ancora, vecchie<\/p>\n","protected":false},"author":2,"featured_media":28041,"comment_status":"closed","ping_status":"closed","sticky":false,"template":"","format":"standard","meta":{"sfsi_plus_gutenberg_text_before_share":"","sfsi_plus_gutenberg_show_text_before_share":"","sfsi_plus_gutenberg_icon_type":"","sfsi_plus_gutenberg_icon_alignemt":"","sfsi_plus_gutenburg_max_per_row":"","footnotes":""},"categories":[10,4],"tags":[],"class_list":["post-28040","post","type-post","status-publish","format-standard","has-post-thumbnail","hentry","category-cultura","category-falciano"],"_links":{"self":[{"href":"https:\/\/www.thereportzone.it\/index.php?rest_route=\/wp\/v2\/posts\/28040"}],"collection":[{"href":"https:\/\/www.thereportzone.it\/index.php?rest_route=\/wp\/v2\/posts"}],"about":[{"href":"https:\/\/www.thereportzone.it\/index.php?rest_route=\/wp\/v2\/types\/post"}],"author":[{"embeddable":true,"href":"https:\/\/www.thereportzone.it\/index.php?rest_route=\/wp\/v2\/users\/2"}],"replies":[{"embeddable":true,"href":"https:\/\/www.thereportzone.it\/index.php?rest_route=%2Fwp%2Fv2%2Fcomments&post=28040"}],"version-history":[{"count":0,"href":"https:\/\/www.thereportzone.it\/index.php?rest_route=\/wp\/v2\/posts\/28040\/revisions"}],"wp:featuredmedia":[{"embeddable":true,"href":"https:\/\/www.thereportzone.it\/index.php?rest_route=\/"}],"wp:attachment":[{"href":"https:\/\/www.thereportzone.it\/index.php?rest_route=%2Fwp%2Fv2%2Fmedia&parent=28040"}],"wp:term":[{"taxonomy":"category","embeddable":true,"href":"https:\/\/www.thereportzone.it\/index.php?rest_route=%2Fwp%2Fv2%2Fcategories&post=28040"},{"taxonomy":"post_tag","embeddable":true,"href":"https:\/\/www.thereportzone.it\/index.php?rest_route=%2Fwp%2Fv2%2Ftags&post=28040"}],"curies":[{"name":"wp","href":"https:\/\/api.w.org\/{rel}","templated":true}]}}