{"id":27833,"date":"2020-11-04T19:44:56","date_gmt":"2020-11-04T18:44:56","guid":{"rendered":"https:\/\/www.thereportzone.it\/?p=27833"},"modified":"2020-11-04T19:44:56","modified_gmt":"2020-11-04T18:44:56","slug":"mondragone-don-franco-alfieri-le-parole-del-sindaco-pacifico-perdiamo-un-faro-della-nostra-comunita","status":"publish","type":"post","link":"https:\/\/www.thereportzone.it\/?p=27833","title":{"rendered":"MONDRAGONE &#8211; Don Franco Alfieri, le parole del sindaco Pacifico: perdiamo un faro della nostra comunit\u00e0"},"content":{"rendered":"<p>&nbsp;<br \/>\n&nbsp;<br \/>\n<strong>MONDRAGONE<\/strong>. Don Franco Alfieri, le parole del sindaco Pacifico: perdiamo un faro della nostra comunit\u00e0. \u201cCon Don Franco Alfieri perdiamo un punto di riferimento indiscusso per la nostra comunit\u00e0 negli ultimi decenni. Don Franco \u00e8 stato pi\u00f9 di un parroco, in tutto e per tutto. Conosceva profondamente la storia di Mondragone e quella di ognuno di noi. Le sue doti fortemente carismatiche, lo hanno reso un pastore sempre innovativo, dalla rarissima capacit\u00e0 di aggregare e spesso anche recuperare anime diverse tra loro. Pi\u00f9 volte vicario generale della diocesi, \u00e8 stato un sacerdote amato dalla sua gente, capace diffondere la sua straordinaria cultura attraverso parole semplici e dirette, mai banali. \u00c8 stato anche un eccellente studioso e scrittore, da docente della scuola secondaria e da punto di riferimento anche in ambito universitario. Negli ultimi anni si \u00e8 adoperato con grande vigore ed eccellenti risultati nell&#8217;opera di restauro della nostra Basilica Minore, nella chiesa che custodisce la nostra amata Patrona che ha saputo omaggiare fino alla fine. Perdiamo un faro religioso, culturale e sociale importantissimo per la nostra citt\u00e0. La mia vicinanza e di tutta l&#8217;amministrazione comunale alla famiglia, al clero locale e a quanti lo hanno amato e non lo dimenticheranno mai.&#8221;<\/p>\n","protected":false},"excerpt":{"rendered":"<p>&nbsp; &nbsp; MONDRAGONE. Don Franco Alfieri, le parole del sindaco Pacifico: perdiamo un faro della nostra comunit\u00e0. \u201cCon<\/p>\n","protected":false},"author":2,"featured_media":27834,"comment_status":"closed","ping_status":"closed","sticky":false,"template":"","format":"standard","meta":{"sfsi_plus_gutenberg_text_before_share":"","sfsi_plus_gutenberg_show_text_before_share":"","sfsi_plus_gutenberg_icon_type":"","sfsi_plus_gutenberg_icon_alignemt":"","sfsi_plus_gutenburg_max_per_row":"","footnotes":""},"categories":[8,5],"tags":[],"class_list":["post-27833","post","type-post","status-publish","format-standard","has-post-thumbnail","hentry","category-cronaca","category-mondragone"],"_links":{"self":[{"href":"https:\/\/www.thereportzone.it\/index.php?rest_route=\/wp\/v2\/posts\/27833"}],"collection":[{"href":"https:\/\/www.thereportzone.it\/index.php?rest_route=\/wp\/v2\/posts"}],"about":[{"href":"https:\/\/www.thereportzone.it\/index.php?rest_route=\/wp\/v2\/types\/post"}],"author":[{"embeddable":true,"href":"https:\/\/www.thereportzone.it\/index.php?rest_route=\/wp\/v2\/users\/2"}],"replies":[{"embeddable":true,"href":"https:\/\/www.thereportzone.it\/index.php?rest_route=%2Fwp%2Fv2%2Fcomments&post=27833"}],"version-history":[{"count":0,"href":"https:\/\/www.thereportzone.it\/index.php?rest_route=\/wp\/v2\/posts\/27833\/revisions"}],"wp:featuredmedia":[{"embeddable":true,"href":"https:\/\/www.thereportzone.it\/index.php?rest_route=\/"}],"wp:attachment":[{"href":"https:\/\/www.thereportzone.it\/index.php?rest_route=%2Fwp%2Fv2%2Fmedia&parent=27833"}],"wp:term":[{"taxonomy":"category","embeddable":true,"href":"https:\/\/www.thereportzone.it\/index.php?rest_route=%2Fwp%2Fv2%2Fcategories&post=27833"},{"taxonomy":"post_tag","embeddable":true,"href":"https:\/\/www.thereportzone.it\/index.php?rest_route=%2Fwp%2Fv2%2Ftags&post=27833"}],"curies":[{"name":"wp","href":"https:\/\/api.w.org\/{rel}","templated":true}]}}