{"id":27729,"date":"2020-10-15T09:15:42","date_gmt":"2020-10-15T07:15:42","guid":{"rendered":"https:\/\/www.thereportzone.it\/?p=27729"},"modified":"2020-10-15T09:15:42","modified_gmt":"2020-10-15T07:15:42","slug":"covid-19-sessa-aurunca-sasso-situazione-in-peggioramento-da-oggi-c-o-c-e-tolleranza-zero","status":"publish","type":"post","link":"https:\/\/www.thereportzone.it\/?p=27729","title":{"rendered":"COVID-19 &#8211; Sessa Aurunca, Sasso: Situazione in peggioramento, da oggi C.O.C. e tolleranza zero&#8221;"},"content":{"rendered":"<p>&nbsp;<br \/>\n&nbsp;<br \/>\n<strong>SESSA AURUNCA<\/strong>. &#8220;Per oggi pomeriggio presso il Salone dei Quadri &#8211; al fine di avere gli spazi sufficienti al distanziamento &#8211; \u00e8 convocato d\u2019URGENZA il CENTRO OPERATIVO COMUNALE con all\u2019Ordine del giorno l\u2019EMERGENZA COVID sul Territorio Comunale. Con i principali responsabili dei Settori Municipali ci saranno L\u2019ASL, le FORZE dell\u2019ORDINE, la PROTEZIONE CIVILE e i DIRIGENTI SCOLASTICI. Per la prima volta infatti dall\u2019inizio della pandemia nel comprensorio aurunco cresce il numero dei positivi, ma soprattutto gli stessi non sono isolati, bens\u00ec incidenti su ambiti e servizi di larga frequentazione tra cui le scuole. La situazione dunque si fa preoccupante. Il C.O.C. rester\u00e0 d\u2019ora in avanti in seduta permanete ed operativa per coordinare le attivit\u00e0 dei vari Responsabili Istituzionali, Sanitari e dell\u2019Ordine e della Sicurezza Pubblica. Senza escludere successivi provvedimenti drastici e radicali, al momento resta indispensabile l\u2019osservanza delle norme anti-assembramento e di corretto utilizzo delle protezioni personali e santificanti. Si parte subito con una \u201cstretta\u201d sui CONTROLLI e con l\u2019applicazione delle previste contravvenzioni senza eccezioni in applicazione del principio della TOLLERANZA ZERO. Fin qui, da marzo, non \u00e8 stata mai assecondata una certa tendenza allarmistica perch\u00e9 il Territorio \u00e8 rimasto sostanzialmente indenne, ma ora la situazione purtroppo sta evolvendo in direzione opposta. Si chiede naturalmente MATURIT\u00c0 e RESPONSABILIT\u00c0 da parte di TUTTI. Mostriamoci all\u2019altezza. \u00c8 un\u2019ora di prova collettiva&#8221;. <strong><em>Lo ha dichiarato il sindaco Silvio Sasso.\u00a0<\/em><\/strong><\/p>\n","protected":false},"excerpt":{"rendered":"<p>&nbsp; &nbsp; SESSA AURUNCA. &#8220;Per oggi pomeriggio presso il Salone dei Quadri &#8211; al fine di avere gli<\/p>\n","protected":false},"author":2,"featured_media":26527,"comment_status":"closed","ping_status":"closed","sticky":false,"template":"","format":"standard","meta":{"sfsi_plus_gutenberg_text_before_share":"","sfsi_plus_gutenberg_show_text_before_share":"","sfsi_plus_gutenberg_icon_type":"","sfsi_plus_gutenberg_icon_alignemt":"","sfsi_plus_gutenburg_max_per_row":"","footnotes":""},"categories":[8,9,2968],"tags":[],"class_list":["post-27729","post","type-post","status-publish","format-standard","has-post-thumbnail","hentry","category-cronaca","category-politica","category-sessa-aurunca"],"_links":{"self":[{"href":"https:\/\/www.thereportzone.it\/index.php?rest_route=\/wp\/v2\/posts\/27729"}],"collection":[{"href":"https:\/\/www.thereportzone.it\/index.php?rest_route=\/wp\/v2\/posts"}],"about":[{"href":"https:\/\/www.thereportzone.it\/index.php?rest_route=\/wp\/v2\/types\/post"}],"author":[{"embeddable":true,"href":"https:\/\/www.thereportzone.it\/index.php?rest_route=\/wp\/v2\/users\/2"}],"replies":[{"embeddable":true,"href":"https:\/\/www.thereportzone.it\/index.php?rest_route=%2Fwp%2Fv2%2Fcomments&post=27729"}],"version-history":[{"count":0,"href":"https:\/\/www.thereportzone.it\/index.php?rest_route=\/wp\/v2\/posts\/27729\/revisions"}],"wp:featuredmedia":[{"embeddable":true,"href":"https:\/\/www.thereportzone.it\/index.php?rest_route=\/"}],"wp:attachment":[{"href":"https:\/\/www.thereportzone.it\/index.php?rest_route=%2Fwp%2Fv2%2Fmedia&parent=27729"}],"wp:term":[{"taxonomy":"category","embeddable":true,"href":"https:\/\/www.thereportzone.it\/index.php?rest_route=%2Fwp%2Fv2%2Fcategories&post=27729"},{"taxonomy":"post_tag","embeddable":true,"href":"https:\/\/www.thereportzone.it\/index.php?rest_route=%2Fwp%2Fv2%2Ftags&post=27729"}],"curies":[{"name":"wp","href":"https:\/\/api.w.org\/{rel}","templated":true}]}}