{"id":27712,"date":"2020-10-13T09:18:52","date_gmt":"2020-10-13T07:18:52","guid":{"rendered":"https:\/\/www.thereportzone.it\/?p=27712"},"modified":"2020-10-13T09:18:52","modified_gmt":"2020-10-13T07:18:52","slug":"sessa-aurunca-il-29-ottobre-la-sfiducia-in-assise-interviene-il-circolo-vassallo-ci-asterremo","status":"publish","type":"post","link":"https:\/\/www.thereportzone.it\/?p=27712","title":{"rendered":"SESSA AURUNCA &#8211; Il 29 Ottobre la sfiducia in Assise, interviene il Circolo Vassallo: &#8220;Ci asterremo&#8221;"},"content":{"rendered":"<p>&nbsp;<br \/>\n&nbsp;<br \/>\n<strong>SESSA AURUNCA<\/strong>. E&#8217; fissato per il 29 Ottobre, alle ore 18.00, il consiglio comunale in cui si discuter\u00e0 e si voter\u00e0 l&#8217;eventuale mozione di sfiducia al sindaco in carica <em><strong>Silvio Sasso<\/strong><\/em>. La vicenda, che sta catturando la scena politica sessana e non solo, \u00e8 divenuta argomento politico principale da ormai alcune settimane. A votare per la sfiducia, ci sono, al momento, 8 consiglieri, che hanno gi\u00e0 espresso la loro volont\u00e0 di &#8220;mandare a casa&#8221; il primo cittadino. Da qui, ne \u00e8 venuto fuori un tira e molla che coinvolgendo varie fazioni politiche. Sasso, in primis, lo scorso 28 Settembre aveva detto: &#8220;<em>Nella giornata di ieri, sono stato invitato alla luce dei risultati delle elezioni regionali a porre fine all\u2019Amministrazione Comunale con 8 mesi di anticipo sulla scadenza naturale&#8230;. A differenza di altre volte, non ritengo di dover rassegnare le dimissioni per sollecitare interlocuzioni, perch\u00e9 \u00e8 mio dovere istituzionale richiamare l\u2019attenzione di tutti, maggioranza ed opposizione, sulle gravi conseguenze per l\u2019intera cittadinanza che potrebbero seguire alla mancata approvazione del bilancio come atto conclusivo del risanamento finanziario dell\u2019Ente, nonch\u00e9 sulla brusca interruzione di tante attivit\u00e0 di interesse collettivo in piena evoluzione. Schiena diritta. Sempre<\/em>&#8220;.<br \/>\nA queste dichiarazioni, sono seguite le posizioni di <em><strong>Generazione Aurunca<\/strong><\/em>, nella persona dell capogruppo Avv.<em><strong> Alberto Verrengia<\/strong><\/em>. &#8220;<em>Siamo stati contattati per andare dal notaio- ha detto Verrengia-, ma abbiamo rifiutato perch\u00e9 vogliamo conoscere in consiglio comunale, le responsabilit\u00e0 ed i responsabili del disastro che vive il nostro territorio da decenni<\/em>&#8220;.<br \/>\nPer ultime, ieri, quelle del <em><strong>Circolo Angelo Vassallo di Sessa Aurunca: <\/strong><\/em>&#8220;<em>La crisi amministrativa apertasi di fatto a Sessa Aurunca nei primi mesi del 2020, poi forzatamente rientrata a causa della pandemia, successivamente riesplosa il 1 giugno e drammaticamente deflagrata dopo le ultime elezioni regionali, sta ormai giungendo al suo atto finale. Il 29 ottobre, infatti, il Consiglio comunale sar\u00e0 chiamato a pronunciarsi sulla mozione di sfiducia nei confronti del Sindaco Silvio Sasso presentata da ben 8 consiglieri (6 dell\u2019ex maggioranza e 2 di opposizione). Come sempre accaduto durante tutta la consiliatura, il gruppo politico \u201cAngelo Vassallo \u2013 Sinistra Italiana\u201d ritiene necessario far conoscere in modo chiaro, inequivocabile e motivato la propria posizione. Quanto di seguito sostenuto \u00e8 stato pi\u00f9 volte ribadito in ogni sede, istituzionale e pubblica, nonch\u00e9 a pi\u00f9 riprese espressa direttamente e chiaramente a tutti gli attori protagonisti (vedi \u201cComunicato stampa del 15\/06\/2020\u201d e \u201cDichiarazioni di voto espresse nella seduta del 18\/08\/2020 in sede di \u201capprovazione del rendiconto di gestione esercizio finanziario 2019\u201d).\u00a0<\/em><br \/>\n<em>Pertanto riteniamo dire subito, senza tatticismi, che i Consiglieri Domenico Bevellino e Maria Teresa Sasso, <strong><u>dichiareranno in aula la loro astensione<\/u><\/strong>.<\/em><\/p>\n<ul>\n<li><em>Si asterranno perch\u00e9, come gi\u00e0 ribadito, non intendono svolgere alcun ruolo attivo nella risoluzione di una crisi che, \u00e8 bene ricordarlo, \u00e8 conseguenza esclusiva della sconsiderata guerra intestina alla maggioranza PD, scatenata in spregio degli interessi generali della comunit\u00e0 aurunca in un periodo storico di estrema difficolt\u00e0.<\/em><\/li>\n<\/ul>\n<p><em>Nessuno degli attori in campo \u00e8 immune da responsabilit\u00e0: tutti si sentano corresponsabili:<\/em><\/p>\n<ul>\n<li><em>coloro che voteranno convintamente o per opportunit\u00e0 contro la mozione che, incuranti del danno che avrebbero causato all\u2019intera comunit\u00e0, non hanno mai cercato di ricomporre la frattura ma l\u2019hanno anzi alimentata. Costoro non sono mai stati promotori di azioni di pubblica utilit\u00e0.<\/em><\/li>\n<li><em>I proponenti la mozione, che hanno condiviso fino a pochi mesi fa, con l\u2019appoggio costante in aula, tutti gli atti dell\u2019Amministrazione, anche quelli giudicati ora sbagliati; alcuni rivestendo anche ruoli rilevanti in Giunta.<\/em><\/li>\n<\/ul>\n<p><em>Chi ha provocato la crisi la risolva. Anteponga finalmente il bene collettivo all\u2019interesse di parte! Avrebbe il merito, seppur tardivo, di risolvere il blocco amministrativo e sociale in atto.<\/em><\/p>\n<ul>\n<li><em>Si asterranno nell\u2019esclusiva difesa dei propri atti, della propria storia e di quanti hanno voluto appoggiare la loro candidatura, al cui unico giudizio sottoporranno la propria condotta.<\/em><\/li>\n<li><em>Si asterranno, consapevoli che tale posizione non potr\u00e0 mai e poi mai dare luogo a futuri, nuovi assetti politici che tradirebbero il mandato elettorale e produrrebbero obbrobri amministrativi che nessuno perdonerebbe.<\/em><\/li>\n<\/ul>\n<p><em>Assistiamo, sconfortati, ad un crescente uso di una deleteria prassi secondo la quale basterebbe evocare, alludere subliminalmente a presunte \u201centit\u00e0\u201d, diciamo poco rispettose della legalit\u00e0, per ritenere assolto il proprio dovere civico e istituzionale. Nulla di pi\u00f9 sbagliato! Riteniamo che, se esistenti, tali entit\u00e0 dovrebbero, con onest\u00e0, essere riconosciute anche nel proprio campo e il loro nome non andrebbe celato ma denunciato pubblicamente, anche alle autorit\u00e0 giudiziarie qualora ne sussistessero le prove; ci\u00f2 soprattutto da parte di coloro che rivestono cariche pubbliche. Il nostro plauso e il nostro appoggio sarebbero allora scontati<\/em>&#8220;.<\/p>\n","protected":false},"excerpt":{"rendered":"<p>&nbsp; &nbsp; SESSA AURUNCA. E&#8217; fissato per il 29 Ottobre, alle ore 18.00, il consiglio comunale in cui<\/p>\n","protected":false},"author":2,"featured_media":27713,"comment_status":"closed","ping_status":"closed","sticky":false,"template":"","format":"standard","meta":{"sfsi_plus_gutenberg_text_before_share":"","sfsi_plus_gutenberg_show_text_before_share":"","sfsi_plus_gutenberg_icon_type":"","sfsi_plus_gutenberg_icon_alignemt":"","sfsi_plus_gutenburg_max_per_row":"","footnotes":""},"categories":[9,2968],"tags":[],"class_list":["post-27712","post","type-post","status-publish","format-standard","has-post-thumbnail","hentry","category-politica","category-sessa-aurunca"],"_links":{"self":[{"href":"https:\/\/www.thereportzone.it\/index.php?rest_route=\/wp\/v2\/posts\/27712"}],"collection":[{"href":"https:\/\/www.thereportzone.it\/index.php?rest_route=\/wp\/v2\/posts"}],"about":[{"href":"https:\/\/www.thereportzone.it\/index.php?rest_route=\/wp\/v2\/types\/post"}],"author":[{"embeddable":true,"href":"https:\/\/www.thereportzone.it\/index.php?rest_route=\/wp\/v2\/users\/2"}],"replies":[{"embeddable":true,"href":"https:\/\/www.thereportzone.it\/index.php?rest_route=%2Fwp%2Fv2%2Fcomments&post=27712"}],"version-history":[{"count":0,"href":"https:\/\/www.thereportzone.it\/index.php?rest_route=\/wp\/v2\/posts\/27712\/revisions"}],"wp:featuredmedia":[{"embeddable":true,"href":"https:\/\/www.thereportzone.it\/index.php?rest_route=\/"}],"wp:attachment":[{"href":"https:\/\/www.thereportzone.it\/index.php?rest_route=%2Fwp%2Fv2%2Fmedia&parent=27712"}],"wp:term":[{"taxonomy":"category","embeddable":true,"href":"https:\/\/www.thereportzone.it\/index.php?rest_route=%2Fwp%2Fv2%2Fcategories&post=27712"},{"taxonomy":"post_tag","embeddable":true,"href":"https:\/\/www.thereportzone.it\/index.php?rest_route=%2Fwp%2Fv2%2Ftags&post=27712"}],"curies":[{"name":"wp","href":"https:\/\/api.w.org\/{rel}","templated":true}]}}