{"id":27676,"date":"2020-10-08T08:24:08","date_gmt":"2020-10-08T06:24:08","guid":{"rendered":"https:\/\/www.thereportzone.it\/?p=27676"},"modified":"2020-10-08T08:24:08","modified_gmt":"2020-10-08T06:24:08","slug":"mondragone-e-guerra-sulla-vicenda-del-pino-caduto-alle-precisazioni-di-piazza-segue-il-comunicato-dellopposizione","status":"publish","type":"post","link":"https:\/\/www.thereportzone.it\/?p=27676","title":{"rendered":"MONDRAGONE &#8211; E&#8217; &#8220;guerra&#8221; sulla vicenda del Pino caduto, alle precisazioni di Piazza segue il comunicato dell&#8217;Opposizione"},"content":{"rendered":"<p>&nbsp;<br \/>\n&nbsp;<br \/>\n<strong>MONDRAGONE<\/strong>. La vicenda della caduta del Pino, il meraviglioso albero sito nello spiazzale antistante il Palazzo Ducale, simbolo della citt\u00e0, sta mettendo in subbuglio l&#8217;intera citt\u00e0. Oltre alla battaglia social scatenata su Facebook ed altri canali, con molti messaggi di disapprovazione indirizzati al sindaco <em><strong>Virgilio Pacifico<\/strong><\/em> ed alla sua amministrazione comunale, la battaglia, adesso, diventa anche politica. Alle parole dell&#8217;Assessore <em><strong>Giuseppe Piazza<\/strong><\/em>, infatti, seguono le parole dell&#8217;Opposizione consiliare. Partiamo, dunque, dalle precisazioni dell&#8217;Assessore in carica: &#8220;<em>Primi accertamenti e informazioni su quanto accaduto stamattina nel piazzale antistante palazzo Ducale: Il terreno circostante l&#8217;albero non \u00e8 stato rimosso nel corso dei lavori ma \u00e8 stato lasciato cos\u00ec come emerso dopo la rimozione del manto bituminoso;Non hanno ceduto le radici laterali dell&#8217;albero, di cui si \u00e8 ipotizzato, bens\u00ec \u00e8 stato il tronco della pianta a staccarsi dalle radici; L&#8217;albero presenta evidenti cavit\u00e0 al suo int<\/em><span class=\"text_exposed_show\"><em>erno. Il bollettino meteo odierno della regione Campania indica la zona ove \u00e8 ricompreso Mondragone, come allerta gialla e con riferimento a possibili danni per le alberature; Il sito di previsioni meteorologiche &#8220;Il Meteo&#8221;, prevedeva, oltre ad abbondanti piogge, un&#8217;intensit\u00e0 del vento per la nostra citt\u00e0, tra le ore 10 00 e le ore 17.00, pari a 42 Km\/h. L&#8217;ufficio Tecnico ha disposto una relazione tecnica dettagliata di quanto accaduto. Appena possibile saranno impiantati nuovi alberi&#8221;<\/em>. A queste parole, nella tarda serata di ieri, non si \u00e8 fatta attendere la risposta dell&#8217;Opposizione consiliare di centrodestra con una nota a firma dei consiglieri comunali: <em><strong>Valerio Bertolino, Pasquale Marquez, Antonio Pagliaro, Alessandro Pagliaro <\/strong><\/em>e<em><strong> Giovanni Schiappa<\/strong><\/em>: &#8220;<em>Ci chiediamo come sia possibile che un albero centenario, facente parte della storia Mondragonese e vincolato dalla soprintendenza, sia potuto cadere a causa di una pioggia ordinaria. Non ci basta il contentino raccontato sui social dall&#8217;assessore Piazza, vogliamo la verit\u00e0, vogliamo i responsabili. \u00c8 un caso che in concomitanza dei lavori di riqualificazione delle aree antistante il Palazzo Ducale ci\u00f2 sia accaduto? Chiediamo all&#8217;assessore al ramo di chiarire i fatti con l&#8217;aiuto di un esperto del settore e di rendicontare ai cittadini Mondragonesi le giuste cause&#8221;<\/em>.\u00a0<\/span><\/p>\n","protected":false},"excerpt":{"rendered":"<p>&nbsp; &nbsp; MONDRAGONE. La vicenda della caduta del Pino, il meraviglioso albero sito nello spiazzale antistante il Palazzo<\/p>\n","protected":false},"author":2,"featured_media":27677,"comment_status":"closed","ping_status":"closed","sticky":false,"template":"","format":"standard","meta":{"sfsi_plus_gutenberg_text_before_share":"","sfsi_plus_gutenberg_show_text_before_share":"","sfsi_plus_gutenberg_icon_type":"","sfsi_plus_gutenberg_icon_alignemt":"","sfsi_plus_gutenburg_max_per_row":"","footnotes":""},"categories":[5,9],"tags":[],"class_list":["post-27676","post","type-post","status-publish","format-standard","has-post-thumbnail","hentry","category-mondragone","category-politica"],"_links":{"self":[{"href":"https:\/\/www.thereportzone.it\/index.php?rest_route=\/wp\/v2\/posts\/27676"}],"collection":[{"href":"https:\/\/www.thereportzone.it\/index.php?rest_route=\/wp\/v2\/posts"}],"about":[{"href":"https:\/\/www.thereportzone.it\/index.php?rest_route=\/wp\/v2\/types\/post"}],"author":[{"embeddable":true,"href":"https:\/\/www.thereportzone.it\/index.php?rest_route=\/wp\/v2\/users\/2"}],"replies":[{"embeddable":true,"href":"https:\/\/www.thereportzone.it\/index.php?rest_route=%2Fwp%2Fv2%2Fcomments&post=27676"}],"version-history":[{"count":0,"href":"https:\/\/www.thereportzone.it\/index.php?rest_route=\/wp\/v2\/posts\/27676\/revisions"}],"wp:featuredmedia":[{"embeddable":true,"href":"https:\/\/www.thereportzone.it\/index.php?rest_route=\/"}],"wp:attachment":[{"href":"https:\/\/www.thereportzone.it\/index.php?rest_route=%2Fwp%2Fv2%2Fmedia&parent=27676"}],"wp:term":[{"taxonomy":"category","embeddable":true,"href":"https:\/\/www.thereportzone.it\/index.php?rest_route=%2Fwp%2Fv2%2Fcategories&post=27676"},{"taxonomy":"post_tag","embeddable":true,"href":"https:\/\/www.thereportzone.it\/index.php?rest_route=%2Fwp%2Fv2%2Ftags&post=27676"}],"curies":[{"name":"wp","href":"https:\/\/api.w.org\/{rel}","templated":true}]}}