{"id":27654,"date":"2020-10-06T09:09:24","date_gmt":"2020-10-06T07:09:24","guid":{"rendered":"https:\/\/www.thereportzone.it\/?p=27654"},"modified":"2020-10-06T09:09:24","modified_gmt":"2020-10-06T07:09:24","slug":"sessa-falciano-sospese-le-celebrazioni-causa-coronavirus-il-messaggio-della-diocesi-e-di-don-valentino","status":"publish","type":"post","link":"https:\/\/www.thereportzone.it\/?p=27654","title":{"rendered":"SESSA \/ FALCIANO &#8211; Sospese le celebrazioni causa Coronavirus: il messaggio della Diocesi e di Don Valentino"},"content":{"rendered":"<p>&nbsp;<br \/>\n&nbsp;<br \/>\n<strong>SESSA\/FALCIANO<\/strong>. &#8220;All&#8217;attenzione della comunit\u00e0 diocesana. A causa di un possibile caso di positivit\u00e0 al covid tra i sacerdoti che hanno partecipato alla celebrazione serale del 4 ottobre nella chiesa dell&#8217;Annunziata in Sessa Aurunca, in via strettamente precauzionale, e in attesa di conferme ufficiali, l&#8217;ASL ha disposto per i sacerdoti partecipanti alla suddetta celebrazione un tempo di isolameto fiduciario (e tamponi). Il sacerdote in questione \u00e8 in ospedale per accertamenti e ulteriori veri<span class=\"text_exposed_show\">fiche di positivit\u00e0 al virus. Di conseguenza, per alcuni giorni sono sospese le liturgie (e le attivit\u00e0 pastorali) nelle comunit\u00e0 dei parroci presenti a quella celebrazione. Sicuramente sar\u00e0 predisposto un protocollo (per contatti stretti) anche per i fedeli che hanno partecipato alla citata celebrazione. Seguiranno, in base ai successivi sviluppi, ulteriori aggiornamenti&#8221;. <em><strong>DIOCESI DI SESS AURUNCA<\/strong><\/em>. &#8220;All&#8217;attenzione della comunit\u00e0 dei fedeli di Falciano del Massico. A causa di un possibile caso di positivit\u00e0 al covid tra i sacerdoti che hanno partecipato alla celebrazione serale del 4 ottobre nella chiesa dell&#8217;Annunziata in Sessa Aurunca, in via strettamente precauzionale, e in attesa di conferme ufficiali, l&#8217;ASL ha disposto per i sacerdoti partecipanti alla suddetta celebrazione un tempo di isolameto fiduciario (e tamponi). Il sacerdote in questione \u00e8 in ospedale per accertamenti e ulteriori verifiche di positivit\u00e0 al virus. Di conseguenza, per alcuni giorni sono sospese le celebrazioni nella comunit\u00e0 di Falciano del Massico, essendo anche il parroco, presente a quella celebrazione, tenuto al rispetto del suddetto protocollo.<br \/>\nPer le previste prime comunioni gi\u00e0 stabilite per domenica 11 ottobre, se ne potra valutare la possibile celebrazione soltanto tra qualche giorno in base agli ulteriori sviluppi della situazione. Sicuramente sar\u00e0 predisposto un protocollo (per contatti stretti) anche per i fedeli che hanno partecipato alla citata celebrazione. Chi invece avesse partecipato in comunit\u00e0 alle celebrazioni precedenti a quella del 4 ottobre sera, stia tranquillo e continui a rispettare le disposizioni in vigore. Seguiranno ulteriori comunicazioni per aggiornamenti e nuove disposizioni riguardanti la ripresa delle celebrazioni e delle attivit\u00e0 pastorali, per ora sospese. Saluti&#8221;. <strong><em>Don Valentino Simoniello<\/em><\/strong>.\u00a0<\/span><\/p>\n","protected":false},"excerpt":{"rendered":"<p>&nbsp; &nbsp; SESSA\/FALCIANO. &#8220;All&#8217;attenzione della comunit\u00e0 diocesana. A causa di un possibile caso di positivit\u00e0 al covid tra<\/p>\n","protected":false},"author":2,"featured_media":27655,"comment_status":"closed","ping_status":"closed","sticky":false,"template":"","format":"standard","meta":{"sfsi_plus_gutenberg_text_before_share":"","sfsi_plus_gutenberg_show_text_before_share":"","sfsi_plus_gutenberg_icon_type":"","sfsi_plus_gutenberg_icon_alignemt":"","sfsi_plus_gutenburg_max_per_row":"","footnotes":""},"categories":[8],"tags":[],"class_list":["post-27654","post","type-post","status-publish","format-standard","has-post-thumbnail","hentry","category-cronaca"],"_links":{"self":[{"href":"https:\/\/www.thereportzone.it\/index.php?rest_route=\/wp\/v2\/posts\/27654"}],"collection":[{"href":"https:\/\/www.thereportzone.it\/index.php?rest_route=\/wp\/v2\/posts"}],"about":[{"href":"https:\/\/www.thereportzone.it\/index.php?rest_route=\/wp\/v2\/types\/post"}],"author":[{"embeddable":true,"href":"https:\/\/www.thereportzone.it\/index.php?rest_route=\/wp\/v2\/users\/2"}],"replies":[{"embeddable":true,"href":"https:\/\/www.thereportzone.it\/index.php?rest_route=%2Fwp%2Fv2%2Fcomments&post=27654"}],"version-history":[{"count":0,"href":"https:\/\/www.thereportzone.it\/index.php?rest_route=\/wp\/v2\/posts\/27654\/revisions"}],"wp:featuredmedia":[{"embeddable":true,"href":"https:\/\/www.thereportzone.it\/index.php?rest_route=\/"}],"wp:attachment":[{"href":"https:\/\/www.thereportzone.it\/index.php?rest_route=%2Fwp%2Fv2%2Fmedia&parent=27654"}],"wp:term":[{"taxonomy":"category","embeddable":true,"href":"https:\/\/www.thereportzone.it\/index.php?rest_route=%2Fwp%2Fv2%2Fcategories&post=27654"},{"taxonomy":"post_tag","embeddable":true,"href":"https:\/\/www.thereportzone.it\/index.php?rest_route=%2Fwp%2Fv2%2Ftags&post=27654"}],"curies":[{"name":"wp","href":"https:\/\/api.w.org\/{rel}","templated":true}]}}