{"id":27291,"date":"2020-08-31T09:05:16","date_gmt":"2020-08-31T07:05:16","guid":{"rendered":"https:\/\/www.thereportzone.it\/?p=27291"},"modified":"2020-08-31T09:05:16","modified_gmt":"2020-08-31T07:05:16","slug":"mondragone-ambc-facciamo-nostre-le-proposte-per-gli-anziani-di-don-vinicio-albanesi","status":"publish","type":"post","link":"https:\/\/www.thereportzone.it\/?p=27291","title":{"rendered":"MONDRAGONE &#8211; AMBC: &#8220;Facciamo\u00a0 nostre le proposte per gli anziani di don VINICIO ALBANESI&#8221;"},"content":{"rendered":"<p>&nbsp;<br \/>\n&nbsp;<br \/>\n<strong>MONDRAGONE<\/strong>. <em>COMUNICATO STAMPA &#8211;<\/em> L\u2019<strong>AMBC<\/strong> ha discusso con <strong>GIOVANNI ROMANO<\/strong> le due principali proposte di <strong>don VINICIO ALBANESI<\/strong> relative ai<strong><em> servizi per le persone anziane<\/em><\/strong> all&#8217;indomani della grave crisi che ha colpito le <strong>Residenze sanitarie assistenziali<\/strong>\u00a0durante l\u2019emergenza sanitaria da <strong>Covid-19<\/strong>: la <strong>chiusura delle attuali Rsa nell&#8217;arco dei prossimi sei anni\u00a0 e la creazione di strutture di tipo familiare caratterizzate da un massimo di 15 posti<\/strong>. Il <strong>presidente della Comunit\u00e0 di Capodarco <\/strong>ha proposto, infatti, l\u2019esigenza di superare la tendenza all&#8217;istituzionalizzazione (<em>sia in RSA che in Case di Riposo<\/em>), cercando in ogni caso di favorire la permanenza in casa delle persone anziane. \u201cCondivido appieno le proposte di <strong>don Vinicio<\/strong>, ha dichiarato <strong>GIOVANNI ROMANO<\/strong>. Si tratta di una convinzione maturata anche <em>per fatto personale<\/em>, avendo potuto assicurare- <em>in sicurezza e con le cure appropriate<\/em>&#8211; ai miei genitori la permanenza nella loro casa e avendo potuto constatare i grandi benefici di una tale opzione.\u201d <strong>Don VINICIO <\/strong>nell\u2019approfondire il tema del &lt;<em>trattamento<\/em>&gt; che viene riservato alle persone anziane si dice convinto che esso abbia implicazioni ben pi\u00f9 ampie di quelle (<em>gi\u00e0 di per s\u00e9 enormi<\/em>) collegate alla pandemia. <strong>Don VINICIO<\/strong> \u00a0<strong>ALBANESI<\/strong> ha scritto un agile testo,\u00a0di 27 pagine articolate in sei capitoli, con il quale passa anzitutto in rassegna i dati disponibili sulla condizione delle persone anziane nel nostro Paese, presentando le pi\u00f9 recenti e puntuali indagini. Passa poi ad llustrare un quadro nazionale del\u00a0fenomeno dell&#8217;invecchiamento della popolazione, per soffermarsi sull&#8217;ospedalizzazione e, in particolare, sullo\u00a0schema di presa in carico\u00a0delle persone anziane con problemi di salute. Riporta anche una fotografia del fenomeno dell&#8217;istituzionalizzazione, una situazione vissuta da un\u00a0universo stimato intorno alle <strong>300 mila persone<\/strong>. \u201cCondivido con <strong>don VINICIO<\/strong>&#8211; <em>ha sottolineato <\/em>\u00a0<strong>GIOVANNI ROMANO<\/strong> <em>candidato<\/em> <em>di<\/em><strong> EUROPA VERDE CAMPANIA DEMOS<\/strong>&#8211; la necesit\u00e0 di una nuova gestione dell\u2019invecchiamento che chiama in causa <strong>Stato, Regioni ed Enti locali<\/strong>. Una nuova gestione diventata ormai urgente (<em>anche da noi dove pure ancora resiste una rete familiare non del tutto sfilacciata<\/em>) sulla base del quadro demografico, delle pensioni, delle cure ospedaliere, della povert\u00e0 e solitudine, dell\u2019inadeguatezza dei presidi residenziali.\u201d &lt;<em>Tutta la legislazione &#8211;<\/em>si legge nel testo di <strong>don VINICIO<\/strong><em>&#8211; riguardante le <strong>case di riposo<\/strong> va rivista, non permettendo grandi numeri, rivisitando gli spazi e l\u2019organizzazione, ricreando, nei limiti del possibile, un clima familiare e rassicurante, cos\u00ec da non perdere le residue capacit\u00e0 di autonomia funzionale e relazionale delle persone accolte<\/em>&gt;. La riforma delle strutture per anziani di <strong>don VINICIO<\/strong> <strong>ALBANESI<\/strong> prevede: \u00a0<strong><em>un percorso che conduca in un arco ragionevole di tempo (entro la fine del 2026) alla chiusura delle odierne strutture, con la messa in campo di misure atte ad aiutare le famiglie nella permanenza delle persone anziane in casa, anche con l&#8217;istituzione di un albo di persone adeguate alla loro assistenza in famiglia. Ove non fosse possibile mantenere la persona anziana in famiglia,\u00a0si propone di creare strutture di tipo familiare, che siano il pi\u00f9 possibile vicine ai luoghi di residenza\u00a0e che non ospitino pi\u00f9 di 15 anziani. Tali strutture possono essere qualificate con prevalenza sanitaria, sociale o socio-sanitaria. L&#8217;e-book \u201cAnziani deportati\u201d, di VINICIO ALBANESI, \u00e8 scaricabile <u>qui<\/u>: <a href=\"https:\/\/www.redattoresociale.it\/media\/anziani_deportati_vinicio_albanesi_epub\">Anziani deportati Vinicio Albanesi\u00a0(epub+zip)<\/a>; <a href=\"https:\/\/www.redattoresociale.it\/media\/anziani_deportati_vinicio_albanesi\">Anziani deportati Vinicio Albanesi\u00a0(pdf)<\/a>.<\/em><\/strong>\u00a0\u201c<strong>Invito i Sindaci, gli Assessori ai servizi sociali <\/strong><em>(dove hanno la fortuna di averli)<\/em><strong> e gli Assistenti Sociali dei 104 Comuni della provincia di Caserta e tutti gli operatori degli Enti del Terzo Settore a scaricare il volume, a leggerlo e a confrontarsi sulle provocazioni, le analisi e le proposte in esso contenute<\/strong>. E spero, ha concluso <strong>GIOVANNI ROMANO<\/strong>, che la lettura di questo importante contributo &#8211;<em>che <\/em><strong>DON VINICIO<\/strong> <em>ha voluto offrirci gratuitamente<\/em>&#8211; possa incentivare un dibattito pubblico sulle persone anziane, sui loro diritti e sui servizi che siamo chiamati a progettare per loro. Da parte mia, fin d\u2019ora, impegner\u00f2 <strong>EUROPA VERDE CAMPANIA DEMOS<\/strong> a portare avanti su scala regionale gli obiettivi e le proposte indicati nell\u2019<em>e-book<\/em>\u201d.<br \/>\n<img fetchpriority=\"high\" decoding=\"async\" class=\"aligncenter size-full wp-image-27292\" src=\"https:\/\/www.thereportzone.it\/wp-content\/uploads\/2020\/08\/Logo-AMBC-Facciamo-nostre-le-proposte-per-gli-anziani-di-don-VINICIO-ALBANESI-scaled.jpg\" alt=\"\" width=\"2560\" height=\"2560\" \/><\/p>\n","protected":false},"excerpt":{"rendered":"<p>&nbsp; &nbsp; MONDRAGONE. COMUNICATO STAMPA &#8211; L\u2019AMBC ha discusso con GIOVANNI ROMANO le due principali proposte di don<\/p>\n","protected":false},"author":2,"featured_media":27292,"comment_status":"closed","ping_status":"closed","sticky":false,"template":"","format":"standard","meta":{"sfsi_plus_gutenberg_text_before_share":"","sfsi_plus_gutenberg_show_text_before_share":"","sfsi_plus_gutenberg_icon_type":"","sfsi_plus_gutenberg_icon_alignemt":"","sfsi_plus_gutenburg_max_per_row":"","footnotes":""},"categories":[5],"tags":[],"class_list":["post-27291","post","type-post","status-publish","format-standard","has-post-thumbnail","hentry","category-mondragone"],"_links":{"self":[{"href":"https:\/\/www.thereportzone.it\/index.php?rest_route=\/wp\/v2\/posts\/27291"}],"collection":[{"href":"https:\/\/www.thereportzone.it\/index.php?rest_route=\/wp\/v2\/posts"}],"about":[{"href":"https:\/\/www.thereportzone.it\/index.php?rest_route=\/wp\/v2\/types\/post"}],"author":[{"embeddable":true,"href":"https:\/\/www.thereportzone.it\/index.php?rest_route=\/wp\/v2\/users\/2"}],"replies":[{"embeddable":true,"href":"https:\/\/www.thereportzone.it\/index.php?rest_route=%2Fwp%2Fv2%2Fcomments&post=27291"}],"version-history":[{"count":0,"href":"https:\/\/www.thereportzone.it\/index.php?rest_route=\/wp\/v2\/posts\/27291\/revisions"}],"wp:featuredmedia":[{"embeddable":true,"href":"https:\/\/www.thereportzone.it\/index.php?rest_route=\/"}],"wp:attachment":[{"href":"https:\/\/www.thereportzone.it\/index.php?rest_route=%2Fwp%2Fv2%2Fmedia&parent=27291"}],"wp:term":[{"taxonomy":"category","embeddable":true,"href":"https:\/\/www.thereportzone.it\/index.php?rest_route=%2Fwp%2Fv2%2Fcategories&post=27291"},{"taxonomy":"post_tag","embeddable":true,"href":"https:\/\/www.thereportzone.it\/index.php?rest_route=%2Fwp%2Fv2%2Ftags&post=27291"}],"curies":[{"name":"wp","href":"https:\/\/api.w.org\/{rel}","templated":true}]}}