{"id":27223,"date":"2020-08-20T16:37:26","date_gmt":"2020-08-20T14:37:26","guid":{"rendered":"https:\/\/www.thereportzone.it\/?p=27223"},"modified":"2020-08-20T16:37:26","modified_gmt":"2020-08-20T14:37:26","slug":"regionali-e-ufficiale-massimo-schiavone-firma-la-candidatura-con-il-pd","status":"publish","type":"post","link":"https:\/\/www.thereportzone.it\/?p=27223","title":{"rendered":"REGIONALI &#8211; \u00c8 ufficiale: Massimo Schiavone firma la candidatura con il PD"},"content":{"rendered":"<p><strong>POLITICA<\/strong>. COMUNICATO STAMPA &#8211; E\u2019 ufficiale: questa mattina Massimo Schiavone, presidente del Consiglio comunale di Sessa Aurunca ha firmato la sua candidatura alle Regionali nella lista del PD a sostegno di Vincenzo De Luca presidente. Un grande momento per il giovane che, nelle ultime settimane, ha dovuto fare i conti con situazioni imbarazzanti e poco gradevoli. \u201cDelusione e disorientamento sono, oramai, &#8211; dice Schiavone &#8211; un ricordo sbiadito e lontano: oggi \u00e8 il grande giorno, quello della candidatura ufficiale alle prossime Elezioni Regionali nella lista del Partito Democratico, uno schieramento che mi consente di continuare a scrivere la mia storia di uomo profondamente legato ai valori del centrosinistra. Da consigliere provinciale e comunale del Partito Democratico, e due volte delegato all\u2019Assemblea Nazionale, sono straconvinto di essere al posto giusto nel momento giusto. La mia campagna elettorale sar\u00e0 incentrata sulla mia terra, su una provincia sulle cui potenzialit\u00e0 credo fortemente: daremo voce ai concittadini con ancora pi\u00f9 forza e tenacia. Mi sento pronto ad affrontare la competizione elettorale a sostegno del Presidente Vincenzo De Luca e sono ancor pi\u00f9 carico per i tantissimi messaggi d\u2019affetto ricevuti e dal sostegno e dagli attestati di stima delle ultime difficili settimane. Desidero, infine, ringraziare il Segretario Regionale Leo Annunziato e il Segretario Provinciale Emiddio Cimmino \u2013 conclude &#8211; per la grande opportunit\u00e0 che mi hanno offerto\u201d.<\/p>\n","protected":false},"excerpt":{"rendered":"<p>POLITICA. COMUNICATO STAMPA &#8211; E\u2019 ufficiale: questa mattina Massimo Schiavone, presidente del Consiglio comunale di Sessa Aurunca ha<\/p>\n","protected":false},"author":2,"featured_media":27226,"comment_status":"closed","ping_status":"closed","sticky":false,"template":"","format":"standard","meta":{"sfsi_plus_gutenberg_text_before_share":"","sfsi_plus_gutenberg_show_text_before_share":"","sfsi_plus_gutenberg_icon_type":"","sfsi_plus_gutenberg_icon_alignemt":"","sfsi_plus_gutenburg_max_per_row":"","footnotes":""},"categories":[9],"tags":[],"class_list":["post-27223","post","type-post","status-publish","format-standard","has-post-thumbnail","hentry","category-politica"],"_links":{"self":[{"href":"https:\/\/www.thereportzone.it\/index.php?rest_route=\/wp\/v2\/posts\/27223"}],"collection":[{"href":"https:\/\/www.thereportzone.it\/index.php?rest_route=\/wp\/v2\/posts"}],"about":[{"href":"https:\/\/www.thereportzone.it\/index.php?rest_route=\/wp\/v2\/types\/post"}],"author":[{"embeddable":true,"href":"https:\/\/www.thereportzone.it\/index.php?rest_route=\/wp\/v2\/users\/2"}],"replies":[{"embeddable":true,"href":"https:\/\/www.thereportzone.it\/index.php?rest_route=%2Fwp%2Fv2%2Fcomments&post=27223"}],"version-history":[{"count":0,"href":"https:\/\/www.thereportzone.it\/index.php?rest_route=\/wp\/v2\/posts\/27223\/revisions"}],"wp:featuredmedia":[{"embeddable":true,"href":"https:\/\/www.thereportzone.it\/index.php?rest_route=\/"}],"wp:attachment":[{"href":"https:\/\/www.thereportzone.it\/index.php?rest_route=%2Fwp%2Fv2%2Fmedia&parent=27223"}],"wp:term":[{"taxonomy":"category","embeddable":true,"href":"https:\/\/www.thereportzone.it\/index.php?rest_route=%2Fwp%2Fv2%2Fcategories&post=27223"},{"taxonomy":"post_tag","embeddable":true,"href":"https:\/\/www.thereportzone.it\/index.php?rest_route=%2Fwp%2Fv2%2Ftags&post=27223"}],"curies":[{"name":"wp","href":"https:\/\/api.w.org\/{rel}","templated":true}]}}