{"id":26808,"date":"2020-06-29T15:54:16","date_gmt":"2020-06-29T13:54:16","guid":{"rendered":"https:\/\/www.thereportzone.it\/?p=26808"},"modified":"2020-06-29T15:54:16","modified_gmt":"2020-06-29T13:54:16","slug":"falciano-coronavirus-spunta-il-secondo-caso-positivo-in-poche-ore","status":"publish","type":"post","link":"https:\/\/www.thereportzone.it\/?p=26808","title":{"rendered":"FALCIANO &#8211; Coronavirus: spunta il secondo caso positivo in poche ore"},"content":{"rendered":"<p>&nbsp;<br \/>\n&nbsp;<br \/>\n<strong>FALCIANO<\/strong>. &#8220;\ud835\ude40\ud835\ude48\ud835\ude40\ud835\ude4d\ud835\ude42\ud835\ude40\ud835\ude49\ud835\ude55\ud835\ude3c \ud835\ude3e\ud835\ude4a\ud835\ude4d\ud835\ude4a\ud835\ude49\ud835\ude3c\ud835\ude51\ud835\ude44\ud835\ude4d\ud835\ude50\ud835\ude4e. SECONDO CASO POSITIVO A FALCIANO DEL MASSICO &#8211; AGGIORNAMENTO<br \/>\nPurtroppo un secondo caso di positivit\u00e0 \u00e8 stato registrato per un cittadino domiciliato a Falciano del Massico, contagio avvenuto con molta probabilit\u00e0 per il contatto diretto che il soggetto ha avuto sul luogo di lavoro con altri colleghi positivi al Covid.<br \/>\nIn accordo con l\u2019Asl abbiamo attivato la quarantena obbligatoria per i cittadini che nei giorni scorsi sono venuti a contatt<span class=\"text_exposed_show\">o con i soggetti positivi. Stiamo monitorando la situazione e come sempre confidiamo nella collaborazione dei cittadini per il rispetto delle norme di distanziamento e di igiene. Di concerto con i Carabinieri e la Polizia Municipale, abbiamo altres\u00ec incrementato i controlli sul territorio comunale per contenere gli assembramenti&#8221;. Lo ha appena dichiarato il sindaco Ing. <em><strong>Giovanni Erasmo Fava<\/strong><\/em><\/span><br \/>\n&nbsp;<\/p>\n","protected":false},"excerpt":{"rendered":"<p>&nbsp; &nbsp; FALCIANO. &#8220;\ud835\ude40\ud835\ude48\ud835\ude40\ud835\ude4d\ud835\ude42\ud835\ude40\ud835\ude49\ud835\ude55\ud835\ude3c \ud835\ude3e\ud835\ude4a\ud835\ude4d\ud835\ude4a\ud835\ude49\ud835\ude3c\ud835\ude51\ud835\ude44\ud835\ude4d\ud835\ude50\ud835\ude4e. SECONDO CASO POSITIVO A FALCIANO DEL MASSICO &#8211; AGGIORNAMENTO Purtroppo un secondo caso<\/p>\n","protected":false},"author":2,"featured_media":25830,"comment_status":"closed","ping_status":"closed","sticky":false,"template":"","format":"standard","meta":{"sfsi_plus_gutenberg_text_before_share":"","sfsi_plus_gutenberg_show_text_before_share":"","sfsi_plus_gutenberg_icon_type":"","sfsi_plus_gutenberg_icon_alignemt":"","sfsi_plus_gutenburg_max_per_row":"","footnotes":""},"categories":[4],"tags":[],"class_list":["post-26808","post","type-post","status-publish","format-standard","has-post-thumbnail","hentry","category-falciano"],"_links":{"self":[{"href":"https:\/\/www.thereportzone.it\/index.php?rest_route=\/wp\/v2\/posts\/26808"}],"collection":[{"href":"https:\/\/www.thereportzone.it\/index.php?rest_route=\/wp\/v2\/posts"}],"about":[{"href":"https:\/\/www.thereportzone.it\/index.php?rest_route=\/wp\/v2\/types\/post"}],"author":[{"embeddable":true,"href":"https:\/\/www.thereportzone.it\/index.php?rest_route=\/wp\/v2\/users\/2"}],"replies":[{"embeddable":true,"href":"https:\/\/www.thereportzone.it\/index.php?rest_route=%2Fwp%2Fv2%2Fcomments&post=26808"}],"version-history":[{"count":0,"href":"https:\/\/www.thereportzone.it\/index.php?rest_route=\/wp\/v2\/posts\/26808\/revisions"}],"wp:featuredmedia":[{"embeddable":true,"href":"https:\/\/www.thereportzone.it\/index.php?rest_route=\/"}],"wp:attachment":[{"href":"https:\/\/www.thereportzone.it\/index.php?rest_route=%2Fwp%2Fv2%2Fmedia&parent=26808"}],"wp:term":[{"taxonomy":"category","embeddable":true,"href":"https:\/\/www.thereportzone.it\/index.php?rest_route=%2Fwp%2Fv2%2Fcategories&post=26808"},{"taxonomy":"post_tag","embeddable":true,"href":"https:\/\/www.thereportzone.it\/index.php?rest_route=%2Fwp%2Fv2%2Ftags&post=26808"}],"curies":[{"name":"wp","href":"https:\/\/api.w.org\/{rel}","templated":true}]}}