{"id":26489,"date":"2020-05-27T14:39:31","date_gmt":"2020-05-27T12:39:31","guid":{"rendered":"https:\/\/www.thereportzone.it\/?p=26489"},"modified":"2020-05-27T14:39:31","modified_gmt":"2020-05-27T12:39:31","slug":"la-tragedia-donna-di-mondragone-muore-a-garda-travolta-da-un-tir-centinaia-i-messaggi-in-rete","status":"publish","type":"post","link":"https:\/\/www.thereportzone.it\/?p=26489","title":{"rendered":"LA TRAGEDIA &#8211; Donna di Mondragone muore a Garda travolta da un tir: centinaia i messaggi in rete"},"content":{"rendered":"<p>&nbsp;<br \/>\n&nbsp;<br \/>\n<strong>CRONACA<\/strong>. Una tragedia vera e propria quella avvenuta ieri sera. Una donna di Mondragone, Mina Di Paolo, \u00e8 stata travolta da un tir mentre era a bordo della sua moto. Una tragedia che ha sconvolto l&#8217;intera cittadina mondragonese. La donna, infatti, sebbene vivesse da tempo a Garda insieme alla sua famiglia, era molto conosciuta e stimata proprio a Mondragone.<br \/>\nSono decine e decine i messaggi che adesso si stanno susseguendo sulla bacheca facebook di Mina. Messaggi ci vicinanza e cordoglio, ma soprattutto il vivo ricordo di centinaia di amici e colleghi che amano ricordarla con i seguenti post: &#8220;<em>La tua parlantina spigliata, la tua veracit\u00e0, la tua vivacit\u00e0 di pensiero..le nostre vite si sono sfiorate&#8230;poco tempo passato assieme ma nella sincerit\u00e0 dei sentimenti pi\u00f9 assoluta come se ci conoscessimo da sempre&#8230;che la terra ti sia lieve\u00a0Mina<\/em>&#8220;; &#8220;Il tuo sorriso era contagioso che la terra ti sia lieve amica cara&#8221;; &#8220;Non ci posso credere un dolore indescrivibile ti mando un bacione lass\u00f9 collega&#8221;.<\/p>\n<p style=\"text-align: center;\"><strong>TIENITI AGGIORNATO SULLE NOTIZIE DELLA CITTA&#8217;. CLICCA SUL LOGO QUI SOTTO E METTI MI PIACE ALLA PAGINA <span style=\"color: #ff0000;\">QUESTO E&#8217; MONDRAGONE<\/span><\/strong><\/p>\n<p><a href=\"https:\/\/www.facebook.com\/QUESTOEMONDRAGONE\/\"><img fetchpriority=\"high\" decoding=\"async\" class=\"aligncenter size-full wp-image-5079\" src=\"https:\/\/www.thereportzone.it\/wp-content\/uploads\/2016\/01\/12584089_1117235094987584_1710208510_n.jpg\" alt=\"\" width=\"600\" height=\"520\" \/><\/a><\/p>\n","protected":false},"excerpt":{"rendered":"<p>&nbsp; &nbsp; CRONACA. Una tragedia vera e propria quella avvenuta ieri sera. Una donna di Mondragone, Mina Di<\/p>\n","protected":false},"author":2,"featured_media":26490,"comment_status":"closed","ping_status":"closed","sticky":false,"template":"","format":"standard","meta":{"sfsi_plus_gutenberg_text_before_share":"","sfsi_plus_gutenberg_show_text_before_share":"","sfsi_plus_gutenberg_icon_type":"","sfsi_plus_gutenberg_icon_alignemt":"","sfsi_plus_gutenburg_max_per_row":"","footnotes":""},"categories":[8,5],"tags":[],"class_list":["post-26489","post","type-post","status-publish","format-standard","has-post-thumbnail","hentry","category-cronaca","category-mondragone"],"_links":{"self":[{"href":"https:\/\/www.thereportzone.it\/index.php?rest_route=\/wp\/v2\/posts\/26489"}],"collection":[{"href":"https:\/\/www.thereportzone.it\/index.php?rest_route=\/wp\/v2\/posts"}],"about":[{"href":"https:\/\/www.thereportzone.it\/index.php?rest_route=\/wp\/v2\/types\/post"}],"author":[{"embeddable":true,"href":"https:\/\/www.thereportzone.it\/index.php?rest_route=\/wp\/v2\/users\/2"}],"replies":[{"embeddable":true,"href":"https:\/\/www.thereportzone.it\/index.php?rest_route=%2Fwp%2Fv2%2Fcomments&post=26489"}],"version-history":[{"count":0,"href":"https:\/\/www.thereportzone.it\/index.php?rest_route=\/wp\/v2\/posts\/26489\/revisions"}],"wp:featuredmedia":[{"embeddable":true,"href":"https:\/\/www.thereportzone.it\/index.php?rest_route=\/"}],"wp:attachment":[{"href":"https:\/\/www.thereportzone.it\/index.php?rest_route=%2Fwp%2Fv2%2Fmedia&parent=26489"}],"wp:term":[{"taxonomy":"category","embeddable":true,"href":"https:\/\/www.thereportzone.it\/index.php?rest_route=%2Fwp%2Fv2%2Fcategories&post=26489"},{"taxonomy":"post_tag","embeddable":true,"href":"https:\/\/www.thereportzone.it\/index.php?rest_route=%2Fwp%2Fv2%2Ftags&post=26489"}],"curies":[{"name":"wp","href":"https:\/\/api.w.org\/{rel}","templated":true}]}}