{"id":26392,"date":"2020-05-16T12:50:22","date_gmt":"2020-05-16T10:50:22","guid":{"rendered":"https:\/\/www.thereportzone.it\/?p=26392"},"modified":"2020-05-16T12:50:22","modified_gmt":"2020-05-16T10:50:22","slug":"falciano-al-via-il-cantiere-boschivo-di-sma-campania-il-lago-torna-a-respirare","status":"publish","type":"post","link":"https:\/\/www.thereportzone.it\/?p=26392","title":{"rendered":"FALCIANO \u2013 Al via il cantiere boschivo di SMA Campania: il Lago torna a respirare"},"content":{"rendered":"<p>&nbsp;<br \/>\n&nbsp;<br \/>\n&nbsp;<br \/>\n<a href=\"https:\/\/www.thereportzone.it\/wp-content\/uploads\/2020\/05\/lago-di-falciano.jpg\"><img fetchpriority=\"high\" decoding=\"async\" class=\"aligncenter size-full wp-image-26393\" src=\"https:\/\/www.thereportzone.it\/wp-content\/uploads\/2020\/05\/lago-di-falciano.jpg\" alt=\"\" width=\"899\" height=\"470\" \/><\/a><\/p>\n<h2 style=\"text-align: center;\"><em><strong>FALCIANO \u2013 Al via il cantiere boschivo di SMA Campania: il Lago torna a respirare<\/strong><\/em><\/h2>\n<p>&nbsp;<br \/>\n<strong>FALCIANO<\/strong>. Al via, la prossima settimana, il cantiere boschivo della <em><strong>SMA Campania<\/strong><\/em>. Un progetto tanto atteso che, finalmente, prende forma ma che, soprattutto, attraverso il quale si potr\u00e0 ridare \u201crespiro\u201d al Lago di Falciano. Un progetto fortemente voluto dall\u2019Amministrazione Comunale, <em><strong>Falciano Bene Comune<\/strong><\/em>, e che si \u00e8 potuto realizzare grazie alla collaborazione con il Dirigente della SMA Campania, <em><strong>Dott. Cosimo Silvestro<\/strong><\/em>, con il Responsabile Area Manutenzione del Territorio, <em><strong>Dott. Agronomo Alessandro Soria<\/strong><\/em> e l\u2019intera squadra che effettuer\u00e0 l\u2019intervento e la Base Territoriale di Sessa Aurunca. A tutti loro, prima di tutto, va il ringraziamento dell\u2019intera Amministrazione Comunale, e anche il nostro.<br \/>\n\u201c<em>Dopo aver sbrigato tutte le faccende burocratiche del caso, possiamo finalmente dare il via a questo importantissimo progetto che andr\u00e0 a riqualificare e dare lustro alla nostra amatissima Riserva Lago di Falciano del Massico<\/em>\u201d. Queste le parole del sindaco Ing. <em><strong>Giovanni Erasmo Fava<\/strong><\/em> che poi continua: \u201c<em>Nonostante i vari mesi di stop, dovuti all\u2019emergenza COVID-19, non abbiamo mai abbandonato il progetto, anzi. Ci siamo impegnati perch\u00e9 tutte le carte fossero in regola nella maniera pi\u00f9 veloce possibile, cos\u00ec da poter avviare presto i lavoro. E, finalmente, ci siamo<\/em>\u201d.<br \/>\nIn effetti, la trafila burocratica \u00e8 stata lunga, ma questo in principal modo per avere massima trasparenza sull\u2019aspetto legislativo e per poter intervenire in maniera concreta sull\u2019Area Lago. Anche su questo aspetto, \u00e8 risultato importantissimo il lavoro e l\u2019interesse da parte della <em><strong>Dottoressa<\/strong> <strong>Rosa Caterina Marmo<\/strong><\/em>, Dirigente Parchi Regionali per essersi occupata direttamente alla vicenda. Stesso discorso per il Presidente della Regione Campania, <em><strong>Vincenzo De Luca<\/strong><\/em>, che ha seguito direttamente il superamento di alcuni ostacoli.<br \/>\n\u201c<em>Come gi\u00e0 da me espresso in altre occasioni, la tutela dell\u2019ecosistema della Riserva Lago, quella intesa nel medio\/lungo termine, \u00e8 il valore fondamentale per intervenire in maniera concreta e utile non soltanto a noi frequentatori, ma allo stesso tempo, utile allo stessa natura di quell\u2019area<\/em>\u201d. Queste le parole del Consigliere Comunale <em><strong>Maurizio Paolella<\/strong><\/em>, che poi continua: \u201c<em>Uno sviluppo ecosostenibile di questo luogo, che potr\u00e0 avere una ricaduta di ricchezza sull\u2019intero territorio, \u00e8 la chiave imprescindibile per intervenire in maniera \u201cnon invasiva\u201d. Soltanto attraverso il rispetto e la tutela dell\u2019habitat naturale di quest\u2019area, si potr\u00e0 raggiungere l\u2019obiettivo di riqualificarla e, allo stesso tempo, renderla fruibile a tutti. Il mio ringraziamento, va all\u2019Assessore <strong>Achille Palazzo<\/strong> che, ogni qualvolta ha potuto, mi ha affiancato in questo duro e meticoloso lavoro<\/em>\u201d.<br \/>\nL\u2019Assessore\u00a0<strong><em>Achille Palazzo<\/em><\/strong>\u00a0che insieme a Paolella si \u00e8 adoperato per la rivalorizzazione del Lago, gi\u00e0 in altre occasioni aveva dichiarato: \u201cCi siamo battuti sui tavoli istituzionali di Regione ed Ente Riserva affinch\u00e9 si ponesse la questione del Lago sotto i riflettori. \u00c8 stato un lavoro lungo che ci ha portato ad un importante risultato ed ha dato il via a quella che sar\u00e0 una proficua collaborazione con Ente Riserva e Regione Campania\u201d.<br \/>\n\u201c<em>In chiusura<\/em> \u2013dichiara unanime l\u2019amministrazione comunale Falciano bene Comune- d<em>overosi sono i ringraziamenti al Presidente dell\u2019ente Riserva Lago di Falciano <strong>Dott. Giovanni Sabatino<\/strong> per l\u2019intensa e proficua collaborazione che sta portando a risultati sempre pi\u00f9 importanti<\/em>\u201d.<br \/>\nAnche per noi di The Report Zone, che stiamo seguendo questa vicenda fin dalla sua fase embrionale, \u00e8 una grande soddisfazione vedere materializzarsi sempre pi\u00f9 questi interventi che, da troppo tempo, si attendevano. Sicuri che seguiranno ulteriori e numerosi aggiornamenti, auguriamo a tutti un buon lavoro.<br \/>\n&nbsp;<br \/>\n<a href=\"https:\/\/www.thereportzone.it\/wp-content\/uploads\/2020\/05\/maurizio-paolella.jpg\"><img decoding=\"async\" class=\"aligncenter size-full wp-image-26395\" src=\"https:\/\/www.thereportzone.it\/wp-content\/uploads\/2020\/05\/maurizio-paolella.jpg\" alt=\"\" width=\"835\" height=\"285\" \/><\/a><\/p>\n","protected":false},"excerpt":{"rendered":"<p>&nbsp; &nbsp; &nbsp; FALCIANO \u2013 Al via il cantiere boschivo di SMA Campania: il Lago torna a respirare<\/p>\n","protected":false},"author":2,"featured_media":26395,"comment_status":"closed","ping_status":"closed","sticky":false,"template":"","format":"standard","meta":{"sfsi_plus_gutenberg_text_before_share":"","sfsi_plus_gutenberg_show_text_before_share":"","sfsi_plus_gutenberg_icon_type":"","sfsi_plus_gutenberg_icon_alignemt":"","sfsi_plus_gutenburg_max_per_row":"","footnotes":""},"categories":[4,9],"tags":[],"class_list":["post-26392","post","type-post","status-publish","format-standard","has-post-thumbnail","hentry","category-falciano","category-politica"],"_links":{"self":[{"href":"https:\/\/www.thereportzone.it\/index.php?rest_route=\/wp\/v2\/posts\/26392"}],"collection":[{"href":"https:\/\/www.thereportzone.it\/index.php?rest_route=\/wp\/v2\/posts"}],"about":[{"href":"https:\/\/www.thereportzone.it\/index.php?rest_route=\/wp\/v2\/types\/post"}],"author":[{"embeddable":true,"href":"https:\/\/www.thereportzone.it\/index.php?rest_route=\/wp\/v2\/users\/2"}],"replies":[{"embeddable":true,"href":"https:\/\/www.thereportzone.it\/index.php?rest_route=%2Fwp%2Fv2%2Fcomments&post=26392"}],"version-history":[{"count":0,"href":"https:\/\/www.thereportzone.it\/index.php?rest_route=\/wp\/v2\/posts\/26392\/revisions"}],"wp:featuredmedia":[{"embeddable":true,"href":"https:\/\/www.thereportzone.it\/index.php?rest_route=\/"}],"wp:attachment":[{"href":"https:\/\/www.thereportzone.it\/index.php?rest_route=%2Fwp%2Fv2%2Fmedia&parent=26392"}],"wp:term":[{"taxonomy":"category","embeddable":true,"href":"https:\/\/www.thereportzone.it\/index.php?rest_route=%2Fwp%2Fv2%2Fcategories&post=26392"},{"taxonomy":"post_tag","embeddable":true,"href":"https:\/\/www.thereportzone.it\/index.php?rest_route=%2Fwp%2Fv2%2Ftags&post=26392"}],"curies":[{"name":"wp","href":"https:\/\/api.w.org\/{rel}","templated":true}]}}