{"id":26345,"date":"2020-05-12T08:34:32","date_gmt":"2020-05-12T06:34:32","guid":{"rendered":"https:\/\/www.thereportzone.it\/?p=26345"},"modified":"2020-05-12T08:34:32","modified_gmt":"2020-05-12T06:34:32","slug":"mondragone-federico-assessore-allambiente-ho-serenamente-e-formalmente-rimesso-le-deleghe","status":"publish","type":"post","link":"https:\/\/www.thereportzone.it\/?p=26345","title":{"rendered":"MONDRAGONE &#8211; Federico, Assessore all&#8217;Ambiente: &#8220;Ho serenamente e formalmente rimesso le deleghe&#8221;"},"content":{"rendered":"<p>&nbsp;<br \/>\n&nbsp;<br \/>\n<a href=\"https:\/\/www.thereportzone.it\/wp-content\/uploads\/2020\/05\/antonio-feredico-mondragone.jpg\"><img fetchpriority=\"high\" decoding=\"async\" class=\"aligncenter size-full wp-image-26346\" src=\"https:\/\/www.thereportzone.it\/wp-content\/uploads\/2020\/05\/antonio-feredico-mondragone.jpg\" alt=\"\" width=\"1103\" height=\"607\" \/><\/a><br \/>\n<strong>MONDRAGONE<\/strong>. &#8220;<em>GRAZIE. A due anni e 10 mesi dall\u2019inizio della mia esperienza amministrativa, durante la quale ho avuto l\u2019onore di esercitare deleghe abbastanza complesse, mi \u00e8 ora pi\u00f9 che mai necessario tracciare un bilancio sull\u2019attivit\u00e0 svolta.<\/em><br \/>\n<em>Con l\u2019assessorato abbiamo raggiunto obiettivi ambiziosi, come quello dello svuotamento della discarica \u201cCantarella\u201d, dopo quindici anni di totale inerzia, grazie ad un indispensabile lavoro sinergico tra Istituzione locale e ragionale.<\/em><br \/>\n<em>Abbiamo realizzato il primo centro di raccolta comunale, presidio indispensabile per un servizio<\/em><br \/>\n<em>di igiene urbana \u201cnormale\u201d. Abbiamo affidato il servizio di spazzamento e raccolta degli rsu, a conclusione di procedura di gara ad evidenza pubblica, aggiudicando l\u2019appalto per i prossimi cinque anni. Abbiamo rivoluzionato il sistema tariffario dei rifiuti avviando, per primi in Campania, il percorso per il passaggio alla tariffazione puntuale, con grandi vantaggi per i cittadini e per le utenze non domestiche. Abbiamo &#8211; nonostante i disagi legati alla precariet\u00e0 del servizio che ha caratterizzato lo scorcio di amministrazione trascorso &#8211; raggiunto punte di raccolta differenziata del 56% attestando la media annua al 45% a fronte di un conclamato 32%. Abbiamo dotato di cestini per la raccolta differenziata e per le deiezioni canine tutto il lungomare Camillo Federico, mentre sul viale Regina Margherita abbiamo istallato cestini getta carte con spegni sigarette.<\/em><br \/>\n<em>Ci siamo dotati di uno strumento che mai prima d\u2019ora era stato procurato all\u2019ufficio ambiente, ovvero un \u201clibro verde\u201d contenete il censimento di tutti gli alberi e aree verdi cittadini, con le relative peculiarit\u00e0 e relative indicazioni di cura agronomica cos\u00ec da poter finalmente affidare un servizio di cura globale del verde urbano inteso nella sua pi\u00f9 ampia accezione, ponendo fine cos\u00ec allo stillicidio di mini interventi a spot.<\/em><br \/>\n<em>Abbiamo comunque assicurato, in tale frangente temporale, la potatura e sagomature delle alberature cittadine, limitando grandemente situazioni di pericolo per l\u2019incolumit\u00e0 pubblica e assicurando decoro urbano.<\/em><br \/>\n<em>Per l\u2019immediato futuro, avremo bisogno di procedere all\u2019avvio di gara per l\u2019individuazione di soggetto a cui affidare l\u2019efficientamento energetico della pubblica illuminazione e degli immobili comunali, discendendo da tali obiettivi notevoli risparmi per l\u2019Ente e, sopratutto, il rinnovo di tutta la infrastruttura relativa senza ulteriori costi.<\/em><br \/>\n<em>Molte altre cose andavano traguardate e molte andranno perseguite, considerando sopratutto i tempi della P.A., per cui chiedo al Sindaco della nostra Citt\u00e0, di proseguire nel solco tracciato, nella piena attuazione del \u201cPatto Civico\u201d, sopratutto in questo momento di straordinaria emergenza sanitaria, dando maggiore slancio alle deleghe da me finora gestite, *deleghe che ho formalmente e serenamente rimesso*, nel rispetto di un patto tra amici prima ancora che militanti nel movimento civico Io Amo Mondragone.<\/em><br \/>\n<em>Al Sindaco Virgilio Pacifico va la mia pi\u00f9 sincera gratitudine per avermi offerto la possibilit\u00e0 di servire la nostra Citt\u00e0, condividere l\u2019esperienza amministrativa con una squadra di uomini e donne veramente eccellente in ogni sua componente, di conoscere e apprezzare l\u2019abnegazione di buona parte dei dipendenti comunali, in special modo quelli della ripartizione tecnica, e dei quali ho anche misurato la enorme \u201ctolleranza\u201d in ordine alle mie continue assillanti richieste.<\/em><br \/>\n<em>Grazie perch\u00e9 mi ha consentito di apprezzare la maturit\u00e0 civica dei nostri concittadini, sempre pi\u00f9 sensibili verso le tematiche ambientali, fin troppo tolleranti ma oramai desiderosi, a giusta ragione, di vivere in un contesto \u201cnormale\u201d, dove i servizi siano il frutto della partecipazione piena ad una collettivit\u00e0 e non pi\u00f9 vissuti e ricevuti come \u201cfavori\u201d.<\/em><br \/>\n<em>Grazie alla mia famiglia che mi ha supportato e, sopratutto, sopportato in questi intensissimi mesi, famiglia alla quale cercher\u00f2 di restituire la dedizione e il tempo sottrattole. Certo che la persona che sar\u00e0 chiamata a sostituirmi far\u00e0 molto di pi\u00f9 e meglio di quanto finora io sia riuscito a fare, sono convinto che proseguendo nel recupero dell\u2019ordinario, arriveremo prestissimo a raggiungere anche mete \u201cstraordinarie\u201d. Vinceremo Noi, ad maiora semper<\/em>&#8220;.\u00a0 <em><strong>Avv. Antonio Federico<\/strong><\/em><\/p>\n","protected":false},"excerpt":{"rendered":"<p>&nbsp; &nbsp; MONDRAGONE. &#8220;GRAZIE. A due anni e 10 mesi dall\u2019inizio della mia esperienza amministrativa, durante la quale<\/p>\n","protected":false},"author":2,"featured_media":26352,"comment_status":"closed","ping_status":"closed","sticky":false,"template":"","format":"standard","meta":{"sfsi_plus_gutenberg_text_before_share":"","sfsi_plus_gutenberg_show_text_before_share":"","sfsi_plus_gutenberg_icon_type":"","sfsi_plus_gutenberg_icon_alignemt":"","sfsi_plus_gutenburg_max_per_row":"","footnotes":""},"categories":[5,9],"tags":[],"class_list":["post-26345","post","type-post","status-publish","format-standard","has-post-thumbnail","hentry","category-mondragone","category-politica"],"_links":{"self":[{"href":"https:\/\/www.thereportzone.it\/index.php?rest_route=\/wp\/v2\/posts\/26345"}],"collection":[{"href":"https:\/\/www.thereportzone.it\/index.php?rest_route=\/wp\/v2\/posts"}],"about":[{"href":"https:\/\/www.thereportzone.it\/index.php?rest_route=\/wp\/v2\/types\/post"}],"author":[{"embeddable":true,"href":"https:\/\/www.thereportzone.it\/index.php?rest_route=\/wp\/v2\/users\/2"}],"replies":[{"embeddable":true,"href":"https:\/\/www.thereportzone.it\/index.php?rest_route=%2Fwp%2Fv2%2Fcomments&post=26345"}],"version-history":[{"count":0,"href":"https:\/\/www.thereportzone.it\/index.php?rest_route=\/wp\/v2\/posts\/26345\/revisions"}],"wp:featuredmedia":[{"embeddable":true,"href":"https:\/\/www.thereportzone.it\/index.php?rest_route=\/"}],"wp:attachment":[{"href":"https:\/\/www.thereportzone.it\/index.php?rest_route=%2Fwp%2Fv2%2Fmedia&parent=26345"}],"wp:term":[{"taxonomy":"category","embeddable":true,"href":"https:\/\/www.thereportzone.it\/index.php?rest_route=%2Fwp%2Fv2%2Fcategories&post=26345"},{"taxonomy":"post_tag","embeddable":true,"href":"https:\/\/www.thereportzone.it\/index.php?rest_route=%2Fwp%2Fv2%2Ftags&post=26345"}],"curies":[{"name":"wp","href":"https:\/\/api.w.org\/{rel}","templated":true}]}}