{"id":26315,"date":"2020-05-09T08:22:48","date_gmt":"2020-05-09T06:22:48","guid":{"rendered":"https:\/\/www.thereportzone.it\/?p=26315"},"modified":"2020-05-09T08:22:48","modified_gmt":"2020-05-09T06:22:48","slug":"campania-zannini-ce-lok-dalla-regione-alle-attivita-mercatali-alimentari-lunedi-si-riprende-leggi-ordinanza","status":"publish","type":"post","link":"https:\/\/www.thereportzone.it\/?p=26315","title":{"rendered":"CAMPANIA &#8211; Zannini: &#8220;C&#8217;\u00e8 l&#8217;ok dalla Regione alle attivit\u00e0 mercatali alimentari. Luned\u00ec si riprende&#8221; &#8211; LEGGI ORDINANZA"},"content":{"rendered":"<p>&nbsp;<br \/>\n&nbsp;<br \/>\n<a href=\"https:\/\/www.thereportzone.it\/wp-content\/uploads\/2020\/05\/ZANNINI-DE-LUCA-TRE.jpg\"><img fetchpriority=\"high\" decoding=\"async\" class=\"aligncenter size-full wp-image-26318\" src=\"https:\/\/www.thereportzone.it\/wp-content\/uploads\/2020\/05\/ZANNINI-DE-LUCA-TRE.jpg\" alt=\"\" width=\"1080\" height=\"684\" \/><\/a><\/p>\n<h2 style=\"text-align: center;\"><strong>Zannini: &#8220;C&#8217;\u00e8 l&#8217;ok dalla Regione alle attivit\u00e0 mercatali alimentari. <\/strong><strong>Luned\u00ec si riprende&#8221;.<\/strong><\/h2>\n<p><strong>CAMPANIA.<\/strong> Puntuale pochi minuti fa \u00e8 arrivata l\u2019ordinanza n. 45, che alleghiamo, con cui il governatore Vincenzo De Luca ha dato l\u2019ok alla riapertura delle attivit\u00e0 mercatali relative al settore alimentare gi\u00e0 dal prossimo luned\u00ec. <strong>LEGGI L&#8217;ORDINANZA<\/strong> <strong>&gt;&gt;&gt;<\/strong> <a href=\"https:\/\/www.thereportzone.it\/wp-content\/uploads\/2020\/05\/Ordinanza-n.45-del-8-maggio-2020-2.pdf\">Ordinanza n.45 del 8 maggio 2020 (2)<\/a> <strong>LEGGI ALLEGATO ORDINANZA &gt;&gt;&gt;<\/strong> <a href=\"https:\/\/www.thereportzone.it\/wp-content\/uploads\/2020\/05\/ordinanza-n-45-allegato.pdf\">ordinanza-n-45-allegato<\/a><\/p>\n","protected":false},"excerpt":{"rendered":"<p>&nbsp; &nbsp; Zannini: &#8220;C&#8217;\u00e8 l&#8217;ok dalla Regione alle attivit\u00e0 mercatali alimentari. Luned\u00ec si riprende&#8221;. CAMPANIA. Puntuale pochi minuti<\/p>\n","protected":false},"author":2,"featured_media":26318,"comment_status":"closed","ping_status":"closed","sticky":false,"template":"","format":"standard","meta":{"sfsi_plus_gutenberg_text_before_share":"","sfsi_plus_gutenberg_show_text_before_share":"","sfsi_plus_gutenberg_icon_type":"","sfsi_plus_gutenberg_icon_alignemt":"","sfsi_plus_gutenburg_max_per_row":"","footnotes":""},"categories":[9],"tags":[],"class_list":["post-26315","post","type-post","status-publish","format-standard","has-post-thumbnail","hentry","category-politica"],"_links":{"self":[{"href":"https:\/\/www.thereportzone.it\/index.php?rest_route=\/wp\/v2\/posts\/26315"}],"collection":[{"href":"https:\/\/www.thereportzone.it\/index.php?rest_route=\/wp\/v2\/posts"}],"about":[{"href":"https:\/\/www.thereportzone.it\/index.php?rest_route=\/wp\/v2\/types\/post"}],"author":[{"embeddable":true,"href":"https:\/\/www.thereportzone.it\/index.php?rest_route=\/wp\/v2\/users\/2"}],"replies":[{"embeddable":true,"href":"https:\/\/www.thereportzone.it\/index.php?rest_route=%2Fwp%2Fv2%2Fcomments&post=26315"}],"version-history":[{"count":0,"href":"https:\/\/www.thereportzone.it\/index.php?rest_route=\/wp\/v2\/posts\/26315\/revisions"}],"wp:featuredmedia":[{"embeddable":true,"href":"https:\/\/www.thereportzone.it\/index.php?rest_route=\/"}],"wp:attachment":[{"href":"https:\/\/www.thereportzone.it\/index.php?rest_route=%2Fwp%2Fv2%2Fmedia&parent=26315"}],"wp:term":[{"taxonomy":"category","embeddable":true,"href":"https:\/\/www.thereportzone.it\/index.php?rest_route=%2Fwp%2Fv2%2Fcategories&post=26315"},{"taxonomy":"post_tag","embeddable":true,"href":"https:\/\/www.thereportzone.it\/index.php?rest_route=%2Fwp%2Fv2%2Ftags&post=26315"}],"curies":[{"name":"wp","href":"https:\/\/api.w.org\/{rel}","templated":true}]}}