{"id":25849,"date":"2020-03-15T20:57:25","date_gmt":"2020-03-15T19:57:25","guid":{"rendered":"https:\/\/www.thereportzone.it\/?p=25849"},"modified":"2020-03-15T20:57:25","modified_gmt":"2020-03-15T19:57:25","slug":"mondragone-annamaria-46enne-positiva-al-covid-19-vi-spiego-come-la-vita-in-ospedale","status":"publish","type":"post","link":"https:\/\/www.thereportzone.it\/?p=25849","title":{"rendered":"MONDRAGONE &#8211; Annamaria, 46enne positiva al Covid-19: vi spiego com\u2019\u00e8 la vita in Ospedale"},"content":{"rendered":"<h3>da<span style=\"color: #ff6600;\"><a style=\"color: #ff6600;\" href=\"https:\/\/www.heralditalia.it\/annamaria-46enne-positiva-al-covid-19-vi-spiego-come-la-vita-in-ospedale\/\">\u00a0HERALDITALIA.IT<\/a><\/span><\/h3>\n<p>Annamaria, 46enne positiva al Covid-19: vi spiego com\u2019\u00e8 la vita in Ospedale<br \/>\n<span style=\"font-weight: normal; font-size: 16px;\">La donna originaria di Mondragone (Caserta), a Herald Italia: &#8220;Nel mio caso i medici stanno utilizzando un farmaco per l&#8217;Hiv. In realt\u00e0 ho voluto attendere un po&#8217; prima di dare il mio assenso, siccome ho notato che porta qualche fastidiosa controindicazione.&#8221;<\/span><br \/>\nAnnamaria, la donna 46enne di Mondragone, in provincia di Caserta, che domenica 8 marzo ha deciso di recarsi al Cotugno di Napoli, dopo l\u2019aggravarsi di problemi respiratori. \u201cI sintomi erano evidenti \u2013 spiega Annamaria dalla sua camera d\u2019ospedale -, tosse, febbre e dispnea: dopo poco tempo mi hanno informata che aveva contratto il Covid-19\u201d. Ma il protocollo si \u00e8 attivato immediatamente. \u201cL\u2019asl mi chiama ogni giorno. Subito dopo il tampone sono stati informati tutti quelli con i quali ero entrata in contatto. Ora sono tutti i quarantena.\u201d<\/p>\n<h3>Non \u00e8 piacevole che la tua foto giri ovunque<\/h3>\n<p>\u201cLa mia situazione non \u00e8 grave, come qualcuno ha da detto. Per fortuna non sono mai stata in terapia intensiva. La cosa che un po\u2019 mi dispiace e che girano delle foto nei gruppi vari della mia cittadina: capisco la curiosit\u00e0 o il timore, ma non \u00e8 piacevole sapere che al tua faccia giri incontrollata sui telefoni dei tuoi concittadini.\u201d Annamaria ogni tanto interrompe la conversazione per tossire, i sintomi della polmonite si sentono ancora. \u201cSto aspettando che mi rifacciano la tac per capire l\u2019evoluzione della polmonite. In questo modo capir\u00f2 quando potr\u00f2 uscire da questo calvario.\u201d<\/p>\n<h3>La cura, i farmaci contro l\u2019HIV<\/h3>\n<p>\u201cNel mio caso i medici stanno utilizzando un farmaco per l\u2019Hiv. In realt\u00e0 ho voluto attendere un po\u2019 prima di dare il mio assenso, siccome ho notato che porta qualche fastidiosa controindicazione. Alla fine ho detto s\u00ec, anche perch\u00e9 al pi\u00f9 presto voglio liberarmi di questa polmonite\u201d. Il farmaco usato contro l\u2019Hiv, utilizzato in chiave anti-covid-19 anche per <a href=\"https:\/\/www.startmag.it\/economia\/remdevisir-tocilizumab-coronavirus\/\">alcuni pazienti in Spagna<\/a>, \u00e8 un alternativa al <a href=\"https:\/\/www.heralditalia.it\/tocilizumab-il-farmaco-anti-coronavirus-scoperto-a-napoli-e-pronto-per-l-italia\/\">Tocilizumab<\/a>, farmaco usato per l\u2019artrite e utilizzato sempre al Cotugno contro il Covid-19. Annamaria \u00e8 un paziente ospedalizzato, che per fortuna non ha avuto bisogno della terapia intensiva. \u201cMi hanno consigliato di prendere il farmaco per il timore che la polmonite aumentasse. Ma nemmeno nel momento pi\u00f9 critico ho avuto bisogno della terapia intensiva.\u201d<\/p>\n<h3>Le interminabili giornate in Ospedale: non \u00e8 possibile avere rapporti con nessuno<\/h3>\n<p>\u201cSiamo isolati in una stanza. Quando medici e infermieri entrano sembrano dei marziani, con tute e maschere apposite. Ma \u00e8 giusto che sia cos\u00ec. Tutto il reparto \u00e8 messo in sicurezza. Io sono in camera con un\u2019altra persona, naturalmente anch\u2019essa positiva al Covid-19, l\u2019unica con la quale possa avere rapporti. Non posso uscire di qui da otto giorni e vi assicuro che non \u00e8 facile.\u201d Poi sul lato umano degli operatori sanitari: \u201cla dottoressa quando non pu\u00f2 passare mi telefona. \u00c8 una cosa molto rassicurante\u201d.<\/p>\n<h3>La sanit\u00e0 Campana per ora regge<\/h3>\n<p>Nonostante i tanti casi positivi, la Regione Campania sta reggendo. \u201cQui ci sono quattro piani e sono tutti pieni di malati. La situazione ci dicono che \u00e8 impegnativa ma non grave, in termini organizzativi.\u201d I primi giorni, per\u00f2, era un po\u2019 pi\u00f9 dura. \u201cDurante i primi giorni non c\u2019era un po\u2019 di tensione. Anche i sanitari avevano timore. Ora per\u00f2 governano perfettamente la situazione.\u201d<\/p>\n<h3>La fase del contagio e i sintomi<\/h3>\n<p>\u201cSinceramente nessuno pu\u00f2 dire se sia stata contagiata da una persona anzich\u00e9 un\u2019altra. Da un po\u2019 di tempo ero influenzata. Poco prima del ricovero ho incontrato un ragazzo che poi si \u00e8 rivelato positivo al Covid-19, che mi ha salutata affettuosamente. Ma non \u00e8 detto che sia stato lui a trasmettermi il Covid-19. Il mio medico di base, molto scrupolosamente, a un certo punto mi ha consigliato di optare per il Cotugno. Qui sono stati molto attenti e rapidi nell\u2019assistenza. I sintomi pre-ricovero erano dispnea, febbre e malessere generale.\u201d Annamaria aspetta con ansia il giorno delle dimissioni: \u201cfestegger\u00f2 quando sar\u00e0 possibile con le persone che mi stanno aspettando\u201d.<br \/>\nLa redazione ringrazia la dottoressa Marina Tartaglia per la segnalazione.<br \/>\n<b><i>LA NOSTRA NOTA &#8211; In un momento difficile come quello che stiamo vivendo, in cui \u00e8 gi\u00e0 difficile analizzare le notizie veritiere, che ci giungono dalla cronaca locale e non, \u00e8 indispensabile attenersi alle notizie reali, comprovate. \u00c8 inopportuno, oltre che inutile, diffondere notizie false. Ci riferiamo alle voci di popolo che, nella stragrande maggioranza dei casi, vanno a raccontare cose non vere, modificate dalla fantasia di chi le racconta. Annamaria non \u00e8 intubata. Sta affrontando la sua battaglia con dignit\u00e0 e tanto coraggio. Portiamole rispetto. <\/i><\/b><br \/>\n&nbsp;<\/p>\n","protected":false},"excerpt":{"rendered":"<p>da\u00a0HERALDITALIA.IT Annamaria, 46enne positiva al Covid-19: vi spiego com\u2019\u00e8 la vita in Ospedale La donna originaria di Mondragone<\/p>\n","protected":false},"author":2,"featured_media":20139,"comment_status":"closed","ping_status":"closed","sticky":false,"template":"","format":"standard","meta":{"sfsi_plus_gutenberg_text_before_share":"","sfsi_plus_gutenberg_show_text_before_share":"","sfsi_plus_gutenberg_icon_type":"","sfsi_plus_gutenberg_icon_alignemt":"","sfsi_plus_gutenburg_max_per_row":"","footnotes":""},"categories":[5],"tags":[],"class_list":["post-25849","post","type-post","status-publish","format-standard","has-post-thumbnail","hentry","category-mondragone"],"_links":{"self":[{"href":"https:\/\/www.thereportzone.it\/index.php?rest_route=\/wp\/v2\/posts\/25849"}],"collection":[{"href":"https:\/\/www.thereportzone.it\/index.php?rest_route=\/wp\/v2\/posts"}],"about":[{"href":"https:\/\/www.thereportzone.it\/index.php?rest_route=\/wp\/v2\/types\/post"}],"author":[{"embeddable":true,"href":"https:\/\/www.thereportzone.it\/index.php?rest_route=\/wp\/v2\/users\/2"}],"replies":[{"embeddable":true,"href":"https:\/\/www.thereportzone.it\/index.php?rest_route=%2Fwp%2Fv2%2Fcomments&post=25849"}],"version-history":[{"count":0,"href":"https:\/\/www.thereportzone.it\/index.php?rest_route=\/wp\/v2\/posts\/25849\/revisions"}],"wp:featuredmedia":[{"embeddable":true,"href":"https:\/\/www.thereportzone.it\/index.php?rest_route=\/"}],"wp:attachment":[{"href":"https:\/\/www.thereportzone.it\/index.php?rest_route=%2Fwp%2Fv2%2Fmedia&parent=25849"}],"wp:term":[{"taxonomy":"category","embeddable":true,"href":"https:\/\/www.thereportzone.it\/index.php?rest_route=%2Fwp%2Fv2%2Fcategories&post=25849"},{"taxonomy":"post_tag","embeddable":true,"href":"https:\/\/www.thereportzone.it\/index.php?rest_route=%2Fwp%2Fv2%2Ftags&post=25849"}],"curies":[{"name":"wp","href":"https:\/\/api.w.org\/{rel}","templated":true}]}}