{"id":25557,"date":"2020-02-11T14:57:15","date_gmt":"2020-02-11T13:57:15","guid":{"rendered":"https:\/\/www.thereportzone.it\/?p=25557"},"modified":"2020-02-11T14:57:15","modified_gmt":"2020-02-11T13:57:15","slug":"falciano-brutto-incidente-in-via-fondo-vigne-per-fortuna-nessun-ferito","status":"publish","type":"post","link":"https:\/\/www.thereportzone.it\/?p=25557","title":{"rendered":"FALCIANO &#8211; Brutto incidente in via Fondo Vigne: per fortuna nessun ferito"},"content":{"rendered":"<p>&nbsp;<br \/>\n<strong>FALCIANO<\/strong>. Un brutto incidente \u00e8 avvenuto questa mattina, intorno alle ore 11:00 in via Fondo Vigna, nei pressi di uno dei tanti incroci che tagliano questa strada, pi\u00f9 precisamente nell&#8217;ultimo prima di sbucare sulla Strada Provinciale Falciano\/Casanova (<strong><em>vedi le foto a fine articolo<\/em><\/strong>).<br \/>\nSecondo quanto si apprende non ci sono stati danni ai conducenti dei veicoli, n\u00e9 tanto meno al patrimonio. E questa \u00e8 gi\u00e0 una notizia dal momento che, proprio in quell&#8217;incrocio (<em><strong>vedi le foto a fine articolo<\/strong><\/em>), la strada risulta essere molto stretta e, uno scontro tra due veicoli, pu\u00f2 risultare molto pericoloso.<br \/>\nSul posto \u00e8 intervenuta la Polizia Municipale che \u00e8 stata impiegata nell&#8217;intervento per diverso tempo per tutti i rilievi del caso. Un incidente che, sebbene i veicoli siano rimasti molto danneggiati, uno in particolar modo, non ha visto la presenza di feriti. Approfittiamo della notizia per invitare tutti gli automobilisti a prestare la massima attenzione nel percorrere le strade falcianesi, caratterizzate da numerosi incroci e diversi ingressi sulla Provinciale e strade a pi\u00f9 veloce percorrenza.<br \/>\n<img fetchpriority=\"high\" decoding=\"async\" class=\"aligncenter size-full wp-image-25558\" src=\"https:\/\/www.thereportzone.it\/wp-content\/uploads\/2020\/02\/via-fondo-vigne.png\" alt=\"\" width=\"1341\" height=\"728\" \/><br \/>\n&nbsp;<br \/>\n<img decoding=\"async\" class=\"aligncenter size-full wp-image-25559\" src=\"https:\/\/www.thereportzone.it\/wp-content\/uploads\/2020\/02\/via-fondo-vigne-due.png\" alt=\"\" width=\"1335\" height=\"699\" \/><\/p>\n","protected":false},"excerpt":{"rendered":"<p>&nbsp; FALCIANO. Un brutto incidente \u00e8 avvenuto questa mattina, intorno alle ore 11:00 in via Fondo Vigna, nei<\/p>\n","protected":false},"author":2,"featured_media":25558,"comment_status":"closed","ping_status":"closed","sticky":false,"template":"","format":"standard","meta":{"sfsi_plus_gutenberg_text_before_share":"","sfsi_plus_gutenberg_show_text_before_share":"","sfsi_plus_gutenberg_icon_type":"","sfsi_plus_gutenberg_icon_alignemt":"","sfsi_plus_gutenburg_max_per_row":"","footnotes":""},"categories":[8,4],"tags":[],"class_list":["post-25557","post","type-post","status-publish","format-standard","has-post-thumbnail","hentry","category-cronaca","category-falciano"],"_links":{"self":[{"href":"https:\/\/www.thereportzone.it\/index.php?rest_route=\/wp\/v2\/posts\/25557"}],"collection":[{"href":"https:\/\/www.thereportzone.it\/index.php?rest_route=\/wp\/v2\/posts"}],"about":[{"href":"https:\/\/www.thereportzone.it\/index.php?rest_route=\/wp\/v2\/types\/post"}],"author":[{"embeddable":true,"href":"https:\/\/www.thereportzone.it\/index.php?rest_route=\/wp\/v2\/users\/2"}],"replies":[{"embeddable":true,"href":"https:\/\/www.thereportzone.it\/index.php?rest_route=%2Fwp%2Fv2%2Fcomments&post=25557"}],"version-history":[{"count":0,"href":"https:\/\/www.thereportzone.it\/index.php?rest_route=\/wp\/v2\/posts\/25557\/revisions"}],"wp:featuredmedia":[{"embeddable":true,"href":"https:\/\/www.thereportzone.it\/index.php?rest_route=\/"}],"wp:attachment":[{"href":"https:\/\/www.thereportzone.it\/index.php?rest_route=%2Fwp%2Fv2%2Fmedia&parent=25557"}],"wp:term":[{"taxonomy":"category","embeddable":true,"href":"https:\/\/www.thereportzone.it\/index.php?rest_route=%2Fwp%2Fv2%2Fcategories&post=25557"},{"taxonomy":"post_tag","embeddable":true,"href":"https:\/\/www.thereportzone.it\/index.php?rest_route=%2Fwp%2Fv2%2Ftags&post=25557"}],"curies":[{"name":"wp","href":"https:\/\/api.w.org\/{rel}","templated":true}]}}