{"id":25403,"date":"2020-01-24T11:00:15","date_gmt":"2020-01-24T10:00:15","guid":{"rendered":"https:\/\/www.thereportzone.it\/?p=25403"},"modified":"2020-01-24T11:00:15","modified_gmt":"2020-01-24T10:00:15","slug":"falciano-giornata-della-memoria-amministrazione-e-polo-culturale-proiettano-un-docufilm","status":"publish","type":"post","link":"https:\/\/www.thereportzone.it\/?p=25403","title":{"rendered":"FALCIANO &#8211; Giornata della Memoria: Amministrazione e Polo Culturale proiettano un docufilm"},"content":{"rendered":"<p>&nbsp;<br \/>\n&nbsp;<br \/>\n<strong>FALCIANO<\/strong>. (Articolo a cura del Giuseppe Toscano)<strong> La Giornata della Memoria. <\/strong>Pu\u00f2 sembrare a quelli che non vogliono ricordare e vogliono rinnegare il proprio passato il parlare, dopo 75 anni, su ci\u00f2 che la follia di un popolo guidato da uomini che attuarono un genocidio in nome di una razza che loro consideravano pura, quella ariana, essere un pretesto per rimestare rancori antichi di odio oppure \u00a0generare un pietismo improprio per un popolo che da solo si \u00e8 conquistato un posto di preminenza nella storia.<br \/>\nNon \u00e8 cos\u00ec. Ricordare a tutti coloro che, pur non essendo stati spettatori di un genocidio voluto e programmato da quegli uomini folli\u00a0 senza\u00a0 anima e piet\u00e0, \u00e8 utile e necessario \u00a0perch\u00e9 in un mondo in cui i valori inalienabili che ogni uomo possiede, perch\u00e9 uomo, possono essere sopraffatti, come allora, dall\u2019egoismo economico e dalla sudditanza ad ideali che possono portare ad un nuovo olocausto.<br \/>\nRicordare \u00e8 non dimenticare. Nessuno deve pi\u00f9 vedere e narrare lo spettacolo degli scheletri viventi\u00a0 che si aggiravano nei campi di sterminio liberati dai soldati sovietici ed americani.<br \/>\nNessuno deve pi\u00f9 deve vedere le nuvole di fumo bianco dei camini dei forni crematori di Auschwiz. Nessuno deve pi\u00f9 sentire il pianto di disperazione di tante madri per i figli che non avrebbero mai pi\u00f9 visti. Non dobbiamo dimenticare il nostro passato per non farlo ritornare mai pi\u00f9.<br \/>\nL\u2019Amministrazione Comunale ed il Polo Culturale Ager Falernus di Falciano del Massico vogliono ricordare per non dimenticare l\u2019olocausto di un\u00a0 popolo \u00a0con momenti di condivisione e di riflessione su di un passato che non deve pi\u00f9 ritornare.<br \/>\nIl giorno 27 gennaio 2020 alle ore 18.00 \u00a0nel Salone del Polo Culturale Ager Felernus Via San Martino a Monte 10\u00a0 Falciano del Massico \u2013 Caserta \u00a0verr\u00e0 proiettato un docufilm di commemorazione della Giornata della Memoria ed il film \u201cLa chiave di Sara\u201d di Gilles Pequet-Brenner.<br \/>\n<img fetchpriority=\"high\" decoding=\"async\" class=\"aligncenter size-full wp-image-25404\" src=\"https:\/\/www.thereportzone.it\/wp-content\/uploads\/2020\/01\/images-1.jpg\" alt=\"\" width=\"275\" height=\"183\" \/><br \/>\n<img decoding=\"async\" class=\"aligncenter size-full wp-image-25405\" src=\"https:\/\/www.thereportzone.it\/wp-content\/uploads\/2020\/01\/images-3-2.jpg\" alt=\"\" width=\"282\" height=\"179\" \/><\/p>\n","protected":false},"excerpt":{"rendered":"<p>&nbsp; &nbsp; FALCIANO. (Articolo a cura del Giuseppe Toscano) La Giornata della Memoria. Pu\u00f2 sembrare a quelli che<\/p>\n","protected":false},"author":2,"featured_media":25406,"comment_status":"closed","ping_status":"closed","sticky":false,"template":"","format":"standard","meta":{"sfsi_plus_gutenberg_text_before_share":"","sfsi_plus_gutenberg_show_text_before_share":"","sfsi_plus_gutenberg_icon_type":"","sfsi_plus_gutenberg_icon_alignemt":"","sfsi_plus_gutenburg_max_per_row":"","footnotes":""},"categories":[10,4],"tags":[],"class_list":["post-25403","post","type-post","status-publish","format-standard","has-post-thumbnail","hentry","category-cultura","category-falciano"],"_links":{"self":[{"href":"https:\/\/www.thereportzone.it\/index.php?rest_route=\/wp\/v2\/posts\/25403"}],"collection":[{"href":"https:\/\/www.thereportzone.it\/index.php?rest_route=\/wp\/v2\/posts"}],"about":[{"href":"https:\/\/www.thereportzone.it\/index.php?rest_route=\/wp\/v2\/types\/post"}],"author":[{"embeddable":true,"href":"https:\/\/www.thereportzone.it\/index.php?rest_route=\/wp\/v2\/users\/2"}],"replies":[{"embeddable":true,"href":"https:\/\/www.thereportzone.it\/index.php?rest_route=%2Fwp%2Fv2%2Fcomments&post=25403"}],"version-history":[{"count":0,"href":"https:\/\/www.thereportzone.it\/index.php?rest_route=\/wp\/v2\/posts\/25403\/revisions"}],"wp:featuredmedia":[{"embeddable":true,"href":"https:\/\/www.thereportzone.it\/index.php?rest_route=\/"}],"wp:attachment":[{"href":"https:\/\/www.thereportzone.it\/index.php?rest_route=%2Fwp%2Fv2%2Fmedia&parent=25403"}],"wp:term":[{"taxonomy":"category","embeddable":true,"href":"https:\/\/www.thereportzone.it\/index.php?rest_route=%2Fwp%2Fv2%2Fcategories&post=25403"},{"taxonomy":"post_tag","embeddable":true,"href":"https:\/\/www.thereportzone.it\/index.php?rest_route=%2Fwp%2Fv2%2Ftags&post=25403"}],"curies":[{"name":"wp","href":"https:\/\/api.w.org\/{rel}","templated":true}]}}