{"id":25245,"date":"2020-01-01T11:01:40","date_gmt":"2020-01-01T10:01:40","guid":{"rendered":"https:\/\/www.thereportzone.it\/?p=25245"},"modified":"2020-01-01T11:01:40","modified_gmt":"2020-01-01T10:01:40","slug":"dopo-la-risposta-del-prof-toscano-ai-nostri-auguri-arrivano-le-preziose-riflessioni-dellavv-carlo-cerrito","status":"publish","type":"post","link":"https:\/\/www.thereportzone.it\/?p=25245","title":{"rendered":"Dopo la risposta del Prof. Toscano ai nostri auguri, arrivano le preziose riflessioni dell\u2019Avv. Carlo Cerrito"},"content":{"rendered":"<p>&nbsp;<\/p>\n<h2 class=\"p1\" style=\"text-align: center;\"><em><strong><span class=\"s1\">Dopo la risposta del Prof. Toscano ai nostri auguri, arrivano le preziose riflessioni dell\u2019Avv. Carlo Cerrito: insieme possiamo provare a cambiare <\/span><\/strong><\/em><\/h2>\n<p class=\"p1\"><span class=\"s1\">\u201cGentilissimo Direttore Nicodemo, carissimo Professore Toscano, ho letto con interesse le vostre considerazioni che si sono succedute in questi giorni di festa su The report zone, e ne ho tratto alcuni spunti di riflessione.<\/span><\/p>\n<p class=\"p1\"><span class=\"s1\">Il grido d&#8217;allarme che trapela dai vostri scritti, ahinoi, \u00e8 condivisibile, io stesso vivo con preoccupazione questa fase storica, le comunit\u00e0 a cui apparteniamo pare siano assuefatte, pare abbiano smarrito la via dell&#8217;indignazione, lo spirito critico sulle vicende sociali e politiche che scandiscono le nostre vite.<\/span><\/p>\n<p class=\"p1\"><span class=\"s1\">Eppure, mai come in quest&#8217;epoca storica, il cittadino pu\u00f2 ambire ad essere protagonista nel palcoscenico della sua quotidianit\u00e0. Si pensi agli strumenti della conoscenza che ci provengono da internet, con essi il cittadino potrebbe abbattere ogni mediazione e attingere in prima persona da molteplici fonti del sapere. Nonostante ci\u00f2, troppe volte preferisce delegare, assistere e non reagire al sacco del territorio, ostaggio di non pochi lupi travestiti da agnelli, improvvisati nell&#8217;esercizio della Politica, il cui scopo \u00e8 battere cassa su questa o quella opportunit\u00e0, lecita o illecita che sia.<\/span><\/p>\n<p class=\"p1\"><span class=\"s1\">Di conseguenza, il tema dell&#8217;ambiente, centrale nel 2019, purtroppo sembra essere oggetto di speculazioni invece che di promozioni, tanto nello scacchiere nazionale, quanto in quello locale.<\/span><\/p>\n<p class=\"p1\"><span class=\"s1\">In tale ottica, per\u00f2, sento di non condividere le parole del mio grande amico, il prof. Toscano, quando afferma che l&#8217;iniziativa di Greta Tumberg non ha sortito un grande effetto. Non credo sia propriamente cos\u00ec, alla luce del fatto che negli ultimi mesi milioni di cittadini hanno mosso le loro coscienze sui temi ambientali, \u00e8 gi\u00e0 tanto! Certo, tali sforzi ora vanno capitalizzati e non dispersi, ma per questo fine non pi\u00f9 delegabile, tutti siamo chiamati a giocare la nostra parte, meglio se opportunamente stimolati dalla Politica oltre il senso civico dei singoli.<\/span><\/p>\n<p class=\"p1\"><span class=\"s1\">La Politica, appunto. Quale ruolo riconoscerle? Un tempo ispirava e orientava coscienze ed economie, oggi appare poco credibile rispetto alle prime, inconsistente rispetto alle seconde, un problema serissimo. <\/span><\/p>\n<p class=\"p1\"><span class=\"s1\">Troppe ingerenze economiche sul piano della Politica ma, si sa, economia e Politica hanno &#8211; o dovrebbero avere &#8211; interessi confliggenti, la prima tesa al profitto, la seconda al benessere collettivo. Per\u00f2, al di l\u00e0 delle congiunture mondiali che non sono alla nostra portata e che, in un modo o nell&#8217;altro, avranno il loro corso, quale ruolo spetta ai piccoli paesi in cui viviamo? <\/span><\/p>\n<p class=\"p1\"><span class=\"s1\">Un&#8217;emigrazione costante dettata da scarse opportunit\u00e0 occupazionali sta svuotando le nostre piazze di un numero impressionante di giovani. <\/span><\/p>\n<p class=\"p1\"><span class=\"s1\">\u00c8 un dramma, e, nel contempo, probabilmente una delle ragioni per le quali accade quel che accuratamente ha segnalato Nicodemo nel suo messaggio di auguri. Con i giovani se ne vanno quelle sensibilit\u00e0 da cui, invece, dovrebbe scaturire il riscatto del territorio.<\/span><\/p>\n<p class=\"p1\"><span class=\"s1\">E a quanti restano, quale ruolo spetta? Subire passivamebte l&#8217;emorragia di giovani, il troppo che non va qui al sud, o tentare di stimolare un cambio di rotta? Certamente la seconda ipotesi, ma da dove partire? <\/span><\/p>\n<p class=\"p1\"><span class=\"s1\">A parer mio va stimolata l&#8217;iniziativa della cittadinanza, del mondo dell&#8217;associazionismo che dimostra un sano interesse collettivo, fa bene Nicodemo a credere nei comitati e nella parte sana della societ\u00e0, ma non \u00e8 sufficiente.<\/span><\/p>\n<p class=\"p1\"><span class=\"s1\">Senza recuperare lo spirito di chi si sente parte di una comunit\u00e0, non di una consorteria, ogni sforzo teso al riscatto ed al salvaguardia del territorio sar\u00e0 vano.<\/span><\/p>\n<p class=\"p1\"><span class=\"s1\">A Falciano abbiamo l&#8217;esperienza di Massico Resiliente e di Terra del Falerno che molto hanno da insegnarci.<\/span><\/p>\n<p class=\"p1\"><span class=\"s1\">In sostanza, prima ci convinciamo che le pulsioni individualistiche e divisive appartengono ad un tempo andato, prima potremo fare bene per i territori che viviamo.<\/span><\/p>\n<p class=\"p1\"><span class=\"s1\">Cos\u00ec come il contadino \u00e8 manutentore dei suoi terreni, il cittadino dovrebbe essere custode di tutto il resto, l&#8217;esempio del Cireneo dovrebbe guidarci\u201d. <\/span><\/p>\n","protected":false},"excerpt":{"rendered":"<p>&nbsp; Dopo la risposta del Prof. Toscano ai nostri auguri, arrivano le preziose riflessioni dell\u2019Avv. Carlo Cerrito: insieme<\/p>\n","protected":false},"author":2,"featured_media":11088,"comment_status":"closed","ping_status":"closed","sticky":false,"template":"","format":"standard","meta":{"sfsi_plus_gutenberg_text_before_share":"","sfsi_plus_gutenberg_show_text_before_share":"","sfsi_plus_gutenberg_icon_type":"","sfsi_plus_gutenberg_icon_alignemt":"","sfsi_plus_gutenburg_max_per_row":"","footnotes":""},"categories":[10,4],"tags":[],"class_list":["post-25245","post","type-post","status-publish","format-standard","has-post-thumbnail","hentry","category-cultura","category-falciano"],"_links":{"self":[{"href":"https:\/\/www.thereportzone.it\/index.php?rest_route=\/wp\/v2\/posts\/25245"}],"collection":[{"href":"https:\/\/www.thereportzone.it\/index.php?rest_route=\/wp\/v2\/posts"}],"about":[{"href":"https:\/\/www.thereportzone.it\/index.php?rest_route=\/wp\/v2\/types\/post"}],"author":[{"embeddable":true,"href":"https:\/\/www.thereportzone.it\/index.php?rest_route=\/wp\/v2\/users\/2"}],"replies":[{"embeddable":true,"href":"https:\/\/www.thereportzone.it\/index.php?rest_route=%2Fwp%2Fv2%2Fcomments&post=25245"}],"version-history":[{"count":0,"href":"https:\/\/www.thereportzone.it\/index.php?rest_route=\/wp\/v2\/posts\/25245\/revisions"}],"wp:featuredmedia":[{"embeddable":true,"href":"https:\/\/www.thereportzone.it\/index.php?rest_route=\/"}],"wp:attachment":[{"href":"https:\/\/www.thereportzone.it\/index.php?rest_route=%2Fwp%2Fv2%2Fmedia&parent=25245"}],"wp:term":[{"taxonomy":"category","embeddable":true,"href":"https:\/\/www.thereportzone.it\/index.php?rest_route=%2Fwp%2Fv2%2Fcategories&post=25245"},{"taxonomy":"post_tag","embeddable":true,"href":"https:\/\/www.thereportzone.it\/index.php?rest_route=%2Fwp%2Fv2%2Ftags&post=25245"}],"curies":[{"name":"wp","href":"https:\/\/api.w.org\/{rel}","templated":true}]}}