{"id":25174,"date":"2019-12-20T10:18:26","date_gmt":"2019-12-20T09:18:26","guid":{"rendered":"https:\/\/www.thereportzone.it\/?p=25174"},"modified":"2019-12-20T10:18:26","modified_gmt":"2019-12-20T09:18:26","slug":"cancello-ed-arnone35mila-alla-festa-della-mozzarella-grazie-allasse-ambrosca-zannini","status":"publish","type":"post","link":"https:\/\/www.thereportzone.it\/?p=25174","title":{"rendered":"Cancello ed Arnone:35mila alla Festa della mozzarella grazie all&#8217;asse Ambrosca-Zannini"},"content":{"rendered":"<p>&nbsp;<br \/>\n<strong>CANCELLO ED ARNONE.<\/strong> Il Governatore della Regione Campania Vincenzo De Luca, con Deliberazione n. 610 del 4\/12\/2019, ha accolto la proposta del sindaco di Cancello ed Arnone Raffaele Ambrosca, attribuendo alla Festa della Mozzarella 2020 un contributo straordinario di 35mila euro.<br \/>\nUna necessit\u00e0, quella della valorizzazione della storica Festa della Mozzarella, evidenziata a pi\u00f9 riprese dal Consigliere regionale Giovanni Zannini: &#8220;\u00c8 importante dare forza a progettualit\u00e0 che da anni danno lustro al territorio e valorizzano, come nel caso della festa di Cancello ed Arnone, un&#8217;eccellenza di inestimabile valore come la mozzarella di bufala.&#8221; anche il sindaco Raffaele Ambrosca si \u00e8 detto molto soddisfatto: &#8220;L&#8217;asse con la Regione \u00e8 solido e forte, andiamo avanti nell&#8217;interesse della nostra comunit\u00e0&#8221;.<\/p>\n","protected":false},"excerpt":{"rendered":"<p>&nbsp; CANCELLO ED ARNONE. Il Governatore della Regione Campania Vincenzo De Luca, con Deliberazione n. 610 del 4\/12\/2019,<\/p>\n","protected":false},"author":2,"featured_media":25028,"comment_status":"closed","ping_status":"closed","sticky":false,"template":"","format":"standard","meta":{"sfsi_plus_gutenberg_text_before_share":"","sfsi_plus_gutenberg_show_text_before_share":"","sfsi_plus_gutenberg_icon_type":"","sfsi_plus_gutenberg_icon_alignemt":"","sfsi_plus_gutenburg_max_per_row":"","footnotes":""},"categories":[9],"tags":[],"class_list":["post-25174","post","type-post","status-publish","format-standard","has-post-thumbnail","hentry","category-politica"],"_links":{"self":[{"href":"https:\/\/www.thereportzone.it\/index.php?rest_route=\/wp\/v2\/posts\/25174"}],"collection":[{"href":"https:\/\/www.thereportzone.it\/index.php?rest_route=\/wp\/v2\/posts"}],"about":[{"href":"https:\/\/www.thereportzone.it\/index.php?rest_route=\/wp\/v2\/types\/post"}],"author":[{"embeddable":true,"href":"https:\/\/www.thereportzone.it\/index.php?rest_route=\/wp\/v2\/users\/2"}],"replies":[{"embeddable":true,"href":"https:\/\/www.thereportzone.it\/index.php?rest_route=%2Fwp%2Fv2%2Fcomments&post=25174"}],"version-history":[{"count":0,"href":"https:\/\/www.thereportzone.it\/index.php?rest_route=\/wp\/v2\/posts\/25174\/revisions"}],"wp:featuredmedia":[{"embeddable":true,"href":"https:\/\/www.thereportzone.it\/index.php?rest_route=\/"}],"wp:attachment":[{"href":"https:\/\/www.thereportzone.it\/index.php?rest_route=%2Fwp%2Fv2%2Fmedia&parent=25174"}],"wp:term":[{"taxonomy":"category","embeddable":true,"href":"https:\/\/www.thereportzone.it\/index.php?rest_route=%2Fwp%2Fv2%2Fcategories&post=25174"},{"taxonomy":"post_tag","embeddable":true,"href":"https:\/\/www.thereportzone.it\/index.php?rest_route=%2Fwp%2Fv2%2Ftags&post=25174"}],"curies":[{"name":"wp","href":"https:\/\/api.w.org\/{rel}","templated":true}]}}