{"id":25039,"date":"2019-12-05T12:19:58","date_gmt":"2019-12-05T11:19:58","guid":{"rendered":"https:\/\/www.thereportzone.it\/?p=25039"},"modified":"2019-12-05T12:19:58","modified_gmt":"2019-12-05T11:19:58","slug":"carinola-il-15-dicembre-sara-natale-al-borgo-una-serata-di-festa-organizzata-dalla-cooperativa-sociale-s-agostino-roscelli","status":"publish","type":"post","link":"https:\/\/www.thereportzone.it\/?p=25039","title":{"rendered":"CARINOLA &#8211; Il 15 Dicembre sar\u00e0 \u201cNatale al Borgo\u201d, una serata di festa organizzata dalla Cooperativa Sociale S. Agostino Roscelli"},"content":{"rendered":"<p><strong>CARINOLA<\/strong>. Si svolger\u00e0 nella serata del 15 Dicembre l\u2019atteso evento di Natale al Borgo, una manifestazione organizzata dalla Cooperativa Sociale S. Agostino Roscelli. Un programma che vede diversi eventi nell\u2019ambito della stessa serata. Si parte alle ore 15:00 con l\u2019Animazione per i pi\u00f9 piccoli a cura di Magic Animation. Successivamente, alle ore 18:30, presso la Cappella Privata di Sant\u2019Anna, ci sar\u00e0 una breve rappresentazione della Nativit\u00e0. Un momento magico che sar\u00e0 accompagnato dalle musiche curate dall\u2019Associazione Carinola InCanto. Al termine, poi, si proseguir\u00e0 con musiche popolari con gli Zampognari, ed il Puti P\u00f9 di Sessa Aurunca \u201cGli Scugnizzi\u201d. Il tutto sar\u00e0 accompagnato da stand gastronomici e tantissime rappresentazioni di artigianato locale.<br \/>\nL\u2019appuntamento \u00e8 a San Ruosi di Carinola, un Borgo davvero suggestivo e capace di regalare forti emozioni. Qui di seguito la locandina ufficiale.<br \/>\n<img fetchpriority=\"high\" decoding=\"async\" class=\"aligncenter size-full wp-image-25040\" src=\"https:\/\/www.thereportzone.it\/wp-content\/uploads\/2019\/12\/B1EC7D35-B533-45CF-B9EA-94A87F5336B1.jpeg\" alt=\"\" width=\"993\" height=\"1418\" \/><\/p>\n","protected":false},"excerpt":{"rendered":"<p>CARINOLA. Si svolger\u00e0 nella serata del 15 Dicembre l\u2019atteso evento di Natale al Borgo, una manifestazione organizzata dalla<\/p>\n","protected":false},"author":2,"featured_media":25040,"comment_status":"closed","ping_status":"closed","sticky":false,"template":"","format":"standard","meta":{"sfsi_plus_gutenberg_text_before_share":"","sfsi_plus_gutenberg_show_text_before_share":"","sfsi_plus_gutenberg_icon_type":"","sfsi_plus_gutenberg_icon_alignemt":"","sfsi_plus_gutenburg_max_per_row":"","footnotes":""},"categories":[2973,10],"tags":[],"class_list":["post-25039","post","type-post","status-publish","format-standard","has-post-thumbnail","hentry","category-carinola","category-cultura"],"_links":{"self":[{"href":"https:\/\/www.thereportzone.it\/index.php?rest_route=\/wp\/v2\/posts\/25039"}],"collection":[{"href":"https:\/\/www.thereportzone.it\/index.php?rest_route=\/wp\/v2\/posts"}],"about":[{"href":"https:\/\/www.thereportzone.it\/index.php?rest_route=\/wp\/v2\/types\/post"}],"author":[{"embeddable":true,"href":"https:\/\/www.thereportzone.it\/index.php?rest_route=\/wp\/v2\/users\/2"}],"replies":[{"embeddable":true,"href":"https:\/\/www.thereportzone.it\/index.php?rest_route=%2Fwp%2Fv2%2Fcomments&post=25039"}],"version-history":[{"count":0,"href":"https:\/\/www.thereportzone.it\/index.php?rest_route=\/wp\/v2\/posts\/25039\/revisions"}],"wp:featuredmedia":[{"embeddable":true,"href":"https:\/\/www.thereportzone.it\/index.php?rest_route=\/"}],"wp:attachment":[{"href":"https:\/\/www.thereportzone.it\/index.php?rest_route=%2Fwp%2Fv2%2Fmedia&parent=25039"}],"wp:term":[{"taxonomy":"category","embeddable":true,"href":"https:\/\/www.thereportzone.it\/index.php?rest_route=%2Fwp%2Fv2%2Fcategories&post=25039"},{"taxonomy":"post_tag","embeddable":true,"href":"https:\/\/www.thereportzone.it\/index.php?rest_route=%2Fwp%2Fv2%2Ftags&post=25039"}],"curies":[{"name":"wp","href":"https:\/\/api.w.org\/{rel}","templated":true}]}}