{"id":24889,"date":"2019-11-19T10:56:46","date_gmt":"2019-11-19T09:56:46","guid":{"rendered":"https:\/\/www.thereportzone.it\/?p=24889"},"modified":"2019-11-19T10:56:46","modified_gmt":"2019-11-19T09:56:46","slug":"carinola-giornata-internazionale-contro-la-violenza-sulle-donne-una-marcia-ed-un-convegno-a-palazzo-petrucci","status":"publish","type":"post","link":"https:\/\/www.thereportzone.it\/?p=24889","title":{"rendered":"CARINOLA &#8211; Giornata Internazionale contro la Violenza sulle Donne, una marcia ed un convegno a Palazzo Petrucci"},"content":{"rendered":"<p>&nbsp;<br \/>\n<strong>CARINOLA<\/strong>. Una giornata che sta diventando sempre pi\u00f9 un simbolo, su scala mondiale, sebbene abbia come prerogativa la battaglia quotidiana contro ogni tipo di violenza rivolta alle donne. Cos\u00ec, il 23 novembre prossimo, anche a Carinola, saranno intraprese diverse iniziative volte alla sensibilizzazione. Partiamo col dire che, la manifestazione, \u00e8 stata fortemente voluta ed organizzata dall&#8217;Associazione <strong><em>Carinola InCanto<\/em><\/strong>, <em><strong>Giusy Tuozzi<\/strong><\/em>, Assessorato alla Cultura del Comune di Carinola, in collaborazione con la <em><strong>Cooperativa Sociale Lilladis <\/strong><\/em>e <em><strong>C.I.F. Centro Italiano Femminile.\u00a0<\/strong><\/em>Una serie di incontri che conteranno tantissimi ospiti, tra cui: la Dott.ssa, giornalista e scrittrice, inviata di &#8220;Chi l&#8217;ha Visto&#8221; &#8211; Rai 3 <strong><em>Lilly Viccaro Theo<\/em><\/strong>; Dott.ssa <strong><em>Maria di Petrillo<\/em><\/strong>; Dott.ssa <em><strong>Mafalda Fiorillo<\/strong><\/em>; Prof.ssa <em><strong>Maria Francesca Di Cerbo<\/strong><\/em>; Lgt <strong><em>Michele Ragozzino<\/em><\/strong>; Cap. <strong><em>Lorenzo Galizia<\/em><\/strong>; la Prof.ssa <em><strong>Giuseppina Zannini<\/strong><\/em>; Prof.ssa<em><strong> Livia Tatta<\/strong><\/em> e la Dott.ssa <em><strong>Giusy Tuozzi<\/strong><\/em> e, non per ultimo, il Direttore Artistico dell&#8217;Associazione Carinola InCanto, <em><strong>Fabio Veneziano<\/strong><\/em>. La giornata si svolger\u00e0 a partire dalle ore 9:15 con un Raduno presso il Polo Scolastico di C.so Umberto I. Successivamente, alle ore 9:30, si intraprender\u00e0 una marcia silenziosa per le vie della citt\u00e0, fino a raggiungere Palazzo Novelli, dove, nella sala consiliare, avr\u00e0 il convegno. Sar\u00e0 una giornata importante, per tenere vivo il sentimento di contrasto contro tutte le forme di violenza di cui, troppo spesso, sentiamo parlare nei fatti di cronaca nazionale. Qui di seguito la locandina ufficiale.<br \/>\n<img fetchpriority=\"high\" decoding=\"async\" class=\"aligncenter size-full wp-image-24890\" src=\"https:\/\/www.thereportzone.it\/wp-content\/uploads\/2019\/11\/77411446_538999990253442_2205812568054824960_n.jpg\" alt=\"\" width=\"671\" height=\"960\" \/><\/p>\n","protected":false},"excerpt":{"rendered":"<p>&nbsp; CARINOLA. Una giornata che sta diventando sempre pi\u00f9 un simbolo, su scala mondiale, sebbene abbia come prerogativa<\/p>\n","protected":false},"author":2,"featured_media":24890,"comment_status":"closed","ping_status":"closed","sticky":false,"template":"","format":"standard","meta":{"sfsi_plus_gutenberg_text_before_share":"","sfsi_plus_gutenberg_show_text_before_share":"","sfsi_plus_gutenberg_icon_type":"","sfsi_plus_gutenberg_icon_alignemt":"","sfsi_plus_gutenburg_max_per_row":"","footnotes":""},"categories":[2973,10],"tags":[],"class_list":["post-24889","post","type-post","status-publish","format-standard","has-post-thumbnail","hentry","category-carinola","category-cultura"],"_links":{"self":[{"href":"https:\/\/www.thereportzone.it\/index.php?rest_route=\/wp\/v2\/posts\/24889"}],"collection":[{"href":"https:\/\/www.thereportzone.it\/index.php?rest_route=\/wp\/v2\/posts"}],"about":[{"href":"https:\/\/www.thereportzone.it\/index.php?rest_route=\/wp\/v2\/types\/post"}],"author":[{"embeddable":true,"href":"https:\/\/www.thereportzone.it\/index.php?rest_route=\/wp\/v2\/users\/2"}],"replies":[{"embeddable":true,"href":"https:\/\/www.thereportzone.it\/index.php?rest_route=%2Fwp%2Fv2%2Fcomments&post=24889"}],"version-history":[{"count":0,"href":"https:\/\/www.thereportzone.it\/index.php?rest_route=\/wp\/v2\/posts\/24889\/revisions"}],"wp:featuredmedia":[{"embeddable":true,"href":"https:\/\/www.thereportzone.it\/index.php?rest_route=\/"}],"wp:attachment":[{"href":"https:\/\/www.thereportzone.it\/index.php?rest_route=%2Fwp%2Fv2%2Fmedia&parent=24889"}],"wp:term":[{"taxonomy":"category","embeddable":true,"href":"https:\/\/www.thereportzone.it\/index.php?rest_route=%2Fwp%2Fv2%2Fcategories&post=24889"},{"taxonomy":"post_tag","embeddable":true,"href":"https:\/\/www.thereportzone.it\/index.php?rest_route=%2Fwp%2Fv2%2Ftags&post=24889"}],"curies":[{"name":"wp","href":"https:\/\/api.w.org\/{rel}","templated":true}]}}