{"id":24876,"date":"2019-11-16T09:10:05","date_gmt":"2019-11-16T08:10:05","guid":{"rendered":"https:\/\/www.thereportzone.it\/?p=24876"},"modified":"2019-11-16T09:10:05","modified_gmt":"2019-11-16T08:10:05","slug":"il-caso-scuole-a-casanova-la-riapertura-diventa-unodissea-alunni-e-genitori-in-attesa-da-agosto-2018-senza-risultati","status":"publish","type":"post","link":"https:\/\/www.thereportzone.it\/?p=24876","title":{"rendered":"IL CASO SCUOLE A CASANOVA La riapertura diventa un&#8217;odissea: alunni e genitori in attesa da Agosto 2018 senza risultati"},"content":{"rendered":"<p>&nbsp;<br \/>\n<strong>CASANOVA DI CARINOLA<\/strong>. Quello della riapertura delle scuole di Casanova di Carinola sta diventando un vero e proprio caso. Impossibile, anche per noi, far finta di nulla, sopratutto alla luce dei seri disagi cui, alunni e genitori, sono costretti a far fronte. Per capire di cosa stiamo parlando, per\u00f2, dobbiamo partire dall&#8217;Agosto del 2018, mese in cui iniziano i lavori di riqualificazione della scuola sita in Via Nazionale. Fin qui, tutto bene, o quasi. In effetti, gi\u00e0 allora era montata una piccola polemica in quanto si temeva che, iniziando i lavori ad agosto, difficilmente gli stessi sarebbero stati conclusi per settembre, mese in cui le scuole riaprono. Ma, i politici, riferiscono che i lavori sarebbero durati poco, assicurando che a settembre gli alunni sarebbero rientrati tra i banchi. Quando settembre arriva (siamo sempre nel 2018), &#8220;<strong><em>se non fosse montata la protesta di noi genitori, i nostri figli sarebbero rientrati a scuola in un cantiere aperto, con cumuli di materiale ancora presente negli spazi antistanti la scuola<\/em><\/strong>&#8220;. Questo quanto ci riferiscono alcuni genitori. Tutta questa situazione, porta all&#8217;apertura della scuola con due giorni di ritardo, giorni che servirono, in extremis, ad organizzare le lezioni presso il plesso scolastico di Carinola. Anche in questo frangente, i genitori lamentano una &#8220;<em>mancanza<\/em>&#8221; da parte dell&#8217;amministrazione comunale che, secondo quanto ci \u00e8 stato riferito &#8220;<em><strong>non si sarebbe fatta carico nemmeno del trasporto dei banchi e delle sedie, trasporto avvenuto per mano di noi genitori<\/strong>&#8220;<\/em>.<br \/>\nSi arriva, cos\u00ec, a Novembre 2018. Un mese importante in cui avviene l&#8217;incontro tra Sindaco, Genitori e Preside. In questo incontro, il sindaco avrebbe riferito che i locali erano da considerarsi agibili. Tuttavia, le mamme decidono di continuare ad accompagnare i propri figli al plesso scolastico di Carinola in quanto, ci riferiscono &#8220;<strong><em>le finestre non erano ancora state cambiate e molti altri lavori erano ancora da svolgersi<\/em><\/strong>&#8220;.<br \/>\nSi va avanti per un intero anno scolastico fino a giungere a quello corrente, anno 2019\/2020. I lavori procedono a rilento nonostante, il primo cittadino, assicura il ritorno a Casanova in pochi mesi. Siamo ad Agosto 2019. I lavori sembrano avere un&#8217;impennata e tutti erano fiduciosi che, per settembre, si ritornasse a Casanova nei tempi previsti, cio\u00e8, per la riapertura delle scuole. Poi, a proprio in questo mese, a pochi giorni dall&#8217;inizio della scuola (2 per la precisione), la Preside non sarebbe stata in grado di comunicare dove gli alunni avrebbero iniziato l&#8217;anno scolastico: a Carinola o a Casanova? Optando ancora una volta per la prima opzione (la pi\u00f9 scomoda, Carinola), i genitori, esausti, decidono di unirsi e formare un <em><strong>Comitato Genitori<\/strong><\/em>, attraverso il quale si mette in funzione, in pochi giorni, una raccolta firme per richiedere il completamento dei lavori e la riapertura della Scuola di Casanova. Anche la Preside invia una sorta di &#8220;diffida&#8221; al Comune per richiedere la consegna dell&#8217;edificio entro e non oltre il 15\/11\/2019.<br \/>\nArriviamo, cos\u00ec, ai giorni nostri. Ad Ottobre scorso l&#8217;Amministrazione Comunale assicura che i lavori si sarebbero conclusi ma, al 15 Novembre 2019, i lavori non sono ancora conclusi, e la cosa che pi\u00f9 sembra strana \u00e8 che nessun genitore \u00e8 stato contattato, nemmeno attraverso il Comitato. Nessun chiarimento, n\u00e9 una comunicazione in merito ad un eventuale, ulteriore, &#8220;slittamento delle date&#8221;.<br \/>\nTutto tace, ma in queste ultime ore la situazione pare stia diventando davvero pesante. E&#8217; come se quel 15\/11\/2019 sia diventata una data sulla quale, adesso, nessuno vuole pi\u00f9 transigere. Staremo a vedere cosa ne verr\u00e0 fuori. Sicuramente, noi di The Report Zone, non abbandoneremo la vicenda e cercheremo di capire da cosa siano realmente causati tutti questi disagi per gli alunni, in primis, e soprattutto per tutti i genitori che stanno provando a capirci qualcosa.<br \/>\n<figure id=\"attachment_24878\" aria-describedby=\"caption-attachment-24878\" style=\"width: 1297px\" class=\"wp-caption aligncenter\"><img fetchpriority=\"high\" decoding=\"async\" class=\"wp-image-24878 size-full\" src=\"https:\/\/www.thereportzone.it\/wp-content\/uploads\/2019\/11\/scuola-casanova-prima-dei-lavori.png\" alt=\"\" width=\"1297\" height=\"607\" \/><figcaption id=\"caption-attachment-24878\" class=\"wp-caption-text\">LA SCUOLA DI CASANOVA DI CARINOLA PRIMA DELL&#8217;INIZIO DEI LAVORI<\/figcaption><\/figure><\/p>\n","protected":false},"excerpt":{"rendered":"<p>&nbsp; CASANOVA DI CARINOLA. Quello della riapertura delle scuole di Casanova di Carinola sta diventando un vero e<\/p>\n","protected":false},"author":2,"featured_media":24878,"comment_status":"closed","ping_status":"closed","sticky":false,"template":"","format":"standard","meta":{"sfsi_plus_gutenberg_text_before_share":"","sfsi_plus_gutenberg_show_text_before_share":"","sfsi_plus_gutenberg_icon_type":"","sfsi_plus_gutenberg_icon_alignemt":"","sfsi_plus_gutenburg_max_per_row":"","footnotes":""},"categories":[2973,941],"tags":[],"class_list":["post-24876","post","type-post","status-publish","format-standard","has-post-thumbnail","hentry","category-carinola","category-uncategorized"],"_links":{"self":[{"href":"https:\/\/www.thereportzone.it\/index.php?rest_route=\/wp\/v2\/posts\/24876"}],"collection":[{"href":"https:\/\/www.thereportzone.it\/index.php?rest_route=\/wp\/v2\/posts"}],"about":[{"href":"https:\/\/www.thereportzone.it\/index.php?rest_route=\/wp\/v2\/types\/post"}],"author":[{"embeddable":true,"href":"https:\/\/www.thereportzone.it\/index.php?rest_route=\/wp\/v2\/users\/2"}],"replies":[{"embeddable":true,"href":"https:\/\/www.thereportzone.it\/index.php?rest_route=%2Fwp%2Fv2%2Fcomments&post=24876"}],"version-history":[{"count":0,"href":"https:\/\/www.thereportzone.it\/index.php?rest_route=\/wp\/v2\/posts\/24876\/revisions"}],"wp:featuredmedia":[{"embeddable":true,"href":"https:\/\/www.thereportzone.it\/index.php?rest_route=\/"}],"wp:attachment":[{"href":"https:\/\/www.thereportzone.it\/index.php?rest_route=%2Fwp%2Fv2%2Fmedia&parent=24876"}],"wp:term":[{"taxonomy":"category","embeddable":true,"href":"https:\/\/www.thereportzone.it\/index.php?rest_route=%2Fwp%2Fv2%2Fcategories&post=24876"},{"taxonomy":"post_tag","embeddable":true,"href":"https:\/\/www.thereportzone.it\/index.php?rest_route=%2Fwp%2Fv2%2Ftags&post=24876"}],"curies":[{"name":"wp","href":"https:\/\/api.w.org\/{rel}","templated":true}]}}