{"id":24625,"date":"2019-10-11T11:10:12","date_gmt":"2019-10-11T09:10:12","guid":{"rendered":"https:\/\/www.thereportzone.it\/?p=24625"},"modified":"2019-10-11T11:10:12","modified_gmt":"2019-10-11T09:10:12","slug":"falciano-1-festa-dei-nonni-il-13-ottobre-una-gita-fuori-porta","status":"publish","type":"post","link":"https:\/\/www.thereportzone.it\/?p=24625","title":{"rendered":"FALCIANO &#8211; 1^ FESTA DEI NONNI: IL 13 OTTOBRE UNA GITA FUORI PORTA"},"content":{"rendered":"<p>&nbsp;<br \/>\n&nbsp;<br \/>\n<strong>FALCIANO<\/strong>. In occasione della Festa dei Nonni dello scorso 2 ottobre, abbiamo organizzato un momento di aggregazione per i nostri nonni con una gita alla nostra splendida Reggia di Caserta con pranzo a Caserta Vecchia. \u00c8 importante per noi porre attenzione per ogni fascia sociale, senza vincoli di et\u00e0, dai pi\u00f9 giovani fino ai pi\u00f9 anziani\u201d.<br \/>\nQuesto l\u2019annuncio del sindaco Ing. <b>Giovanni Erasmo Fava<\/b> in occasione della gita che si terr\u00e0 il 13 Ottobre prossimo. Domenica 13 Ottobre, infatti, l\u2019amministrazione comunale Falciano Bene Comune organizza, in occasione della Festa dei Nonni, &#8220;UNA GITA FUORI PORTA!&#8221;. Partenza da Piazza Capuano, direzione Palazzo Reale di Caserta. Visita guidata alla Reggia per poi spostarsi al Borgo denominato &#8220;Caserta Vecchia&#8221; per consumare, in buona compagnia, il tradizionale pranzo domenicale. \u201cMassicce le adesioni dei nonni falcianesi- dice l\u2019assessore alle politiche sociali <b>Antonietta Rucco<\/b>, che continua.<br \/>\nDa sempre si ritiene che crescere con la presenza assidua dei nonni sia un valore aggiunto e contribuisca all&#8217; armonioso sviluppo psichico e culturale dei ragazzi. A ci\u00f2 si aggiunge che in questi nostri pazzi e confusi tempi, i nonni rappresentano una risorsa irrinunciabile. Per questo abbiamo pensato di omaggiarli con una giornata dedicata a loro. Per un giorno,senza assilli di nessun genere\u201d. Qui di seguito il manifesto comunale ufficiale con tutte le info.<br \/>\n<img fetchpriority=\"high\" decoding=\"async\" class=\"size-full wp-image-24626 aligncenter\" src=\"https:\/\/www.thereportzone.it\/wp-content\/uploads\/2019\/10\/6E5F8EF8-E453-4674-B49E-0A0326D2B1C0.jpeg\" alt=\"\" width=\"665\" height=\"960\" \/><\/p>\n","protected":false},"excerpt":{"rendered":"<p>&nbsp; &nbsp; FALCIANO. In occasione della Festa dei Nonni dello scorso 2 ottobre, abbiamo organizzato un momento di<\/p>\n","protected":false},"author":2,"featured_media":24626,"comment_status":"closed","ping_status":"closed","sticky":false,"template":"","format":"standard","meta":{"sfsi_plus_gutenberg_text_before_share":"","sfsi_plus_gutenberg_show_text_before_share":"","sfsi_plus_gutenberg_icon_type":"","sfsi_plus_gutenberg_icon_alignemt":"","sfsi_plus_gutenburg_max_per_row":"","footnotes":""},"categories":[10,4,9],"tags":[],"class_list":["post-24625","post","type-post","status-publish","format-standard","has-post-thumbnail","hentry","category-cultura","category-falciano","category-politica"],"_links":{"self":[{"href":"https:\/\/www.thereportzone.it\/index.php?rest_route=\/wp\/v2\/posts\/24625"}],"collection":[{"href":"https:\/\/www.thereportzone.it\/index.php?rest_route=\/wp\/v2\/posts"}],"about":[{"href":"https:\/\/www.thereportzone.it\/index.php?rest_route=\/wp\/v2\/types\/post"}],"author":[{"embeddable":true,"href":"https:\/\/www.thereportzone.it\/index.php?rest_route=\/wp\/v2\/users\/2"}],"replies":[{"embeddable":true,"href":"https:\/\/www.thereportzone.it\/index.php?rest_route=%2Fwp%2Fv2%2Fcomments&post=24625"}],"version-history":[{"count":0,"href":"https:\/\/www.thereportzone.it\/index.php?rest_route=\/wp\/v2\/posts\/24625\/revisions"}],"wp:featuredmedia":[{"embeddable":true,"href":"https:\/\/www.thereportzone.it\/index.php?rest_route=\/"}],"wp:attachment":[{"href":"https:\/\/www.thereportzone.it\/index.php?rest_route=%2Fwp%2Fv2%2Fmedia&parent=24625"}],"wp:term":[{"taxonomy":"category","embeddable":true,"href":"https:\/\/www.thereportzone.it\/index.php?rest_route=%2Fwp%2Fv2%2Fcategories&post=24625"},{"taxonomy":"post_tag","embeddable":true,"href":"https:\/\/www.thereportzone.it\/index.php?rest_route=%2Fwp%2Fv2%2Ftags&post=24625"}],"curies":[{"name":"wp","href":"https:\/\/api.w.org\/{rel}","templated":true}]}}