{"id":24622,"date":"2019-10-10T22:34:23","date_gmt":"2019-10-10T20:34:23","guid":{"rendered":"https:\/\/www.thereportzone.it\/?p=24622"},"modified":"2019-10-10T22:34:23","modified_gmt":"2019-10-10T20:34:23","slug":"mondragone-addio-al-generale-francesco-strozza-ieri-lestremo-saluto-ad-un-uomo-daltri-tempi","status":"publish","type":"post","link":"https:\/\/www.thereportzone.it\/?p=24622","title":{"rendered":"MONDRAGONE &#8211; Addio al Generale Francesco Strozza: ieri l\u2019estremo saluto ad un uomo d\u2019altri tempi"},"content":{"rendered":"<p>&nbsp;<br \/>\n<strong>MONDRAGONE<\/strong>. Addio al Generale Francesco Strozza, nato nel 1929. Originario di Mondragone, citt\u00e0 \u00a0in cui \u00e8 nato e dove ha vissuto prima di trasferirsi, il Generale Strozza \u00e8 stato un uomo \u201cd\u2019altri tempi\u201d. Un uomo di cultura e profondamente immerso in quella che \u00e8 stata la sua professione, ricoprendo importanti ruoli e ricevendo importanti onorificenze. Ma non solo. \u00c8 stato anche autore di molte opere di poesia e letteratura come: \u201cGiovanni Cena e le scuole per i contadini\u201d; \u201cCome le foglie\u201d; \u201cI canti d\u2019autunno \u201c.<br \/>\nTanti anche i premi ricevuti. Tra i vari si ricorda quello del 1983 \u201cPremio Mondragone Mare\u201d. Ma poi, ancora, anche \u201cPremio di Cultura del Consiglio dei Ministri\u201d; \u201cLa Triade\u201d; \u201cTifeo\u201d. Sempre presente per la sua citt\u00e0 e viceversa, Mondragone non lo ha mai dimenticato, anche quando \u00e8 stato lontano. Va ricordato, infine, che \u00e8 stato Cavaliere di Grazia Magistrale del Sovrano militare Ordine di Malta e Cavaliere dei Santissimi Maurizio e Lazzaro. Riposa in pace Generale.<\/p>\n<p style=\"text-align: center;\"><strong>TIENITI AGGIORNATO SULLE NOTIZIE DELLA CITT\u00c0 CLICCA SUL LOGO QUI SOTTO E METTI MI PIACE ALLA PAGINA QUESTO \u00c8 MONDRAGONE\u00a0<\/strong><\/p>\n<p><a href=\"https:\/\/www.facebook.com\/QUESTOEMONDRAGONE\/\"><img fetchpriority=\"high\" decoding=\"async\" class=\"size-full wp-image-5079 aligncenter\" src=\"https:\/\/www.thereportzone.it\/wp-content\/uploads\/2016\/01\/12584089_1117235094987584_1710208510_n.jpg\" alt=\"\" width=\"600\" height=\"520\" \/><\/a><\/p>\n","protected":false},"excerpt":{"rendered":"<p>&nbsp; MONDRAGONE. Addio al Generale Francesco Strozza, nato nel 1929. Originario di Mondragone, citt\u00e0 \u00a0in cui \u00e8 nato<\/p>\n","protected":false},"author":2,"featured_media":24623,"comment_status":"closed","ping_status":"closed","sticky":false,"template":"","format":"standard","meta":{"sfsi_plus_gutenberg_text_before_share":"","sfsi_plus_gutenberg_show_text_before_share":"","sfsi_plus_gutenberg_icon_type":"","sfsi_plus_gutenberg_icon_alignemt":"","sfsi_plus_gutenburg_max_per_row":"","footnotes":""},"categories":[10,5],"tags":[],"class_list":["post-24622","post","type-post","status-publish","format-standard","has-post-thumbnail","hentry","category-cultura","category-mondragone"],"_links":{"self":[{"href":"https:\/\/www.thereportzone.it\/index.php?rest_route=\/wp\/v2\/posts\/24622"}],"collection":[{"href":"https:\/\/www.thereportzone.it\/index.php?rest_route=\/wp\/v2\/posts"}],"about":[{"href":"https:\/\/www.thereportzone.it\/index.php?rest_route=\/wp\/v2\/types\/post"}],"author":[{"embeddable":true,"href":"https:\/\/www.thereportzone.it\/index.php?rest_route=\/wp\/v2\/users\/2"}],"replies":[{"embeddable":true,"href":"https:\/\/www.thereportzone.it\/index.php?rest_route=%2Fwp%2Fv2%2Fcomments&post=24622"}],"version-history":[{"count":0,"href":"https:\/\/www.thereportzone.it\/index.php?rest_route=\/wp\/v2\/posts\/24622\/revisions"}],"wp:featuredmedia":[{"embeddable":true,"href":"https:\/\/www.thereportzone.it\/index.php?rest_route=\/"}],"wp:attachment":[{"href":"https:\/\/www.thereportzone.it\/index.php?rest_route=%2Fwp%2Fv2%2Fmedia&parent=24622"}],"wp:term":[{"taxonomy":"category","embeddable":true,"href":"https:\/\/www.thereportzone.it\/index.php?rest_route=%2Fwp%2Fv2%2Fcategories&post=24622"},{"taxonomy":"post_tag","embeddable":true,"href":"https:\/\/www.thereportzone.it\/index.php?rest_route=%2Fwp%2Fv2%2Ftags&post=24622"}],"curies":[{"name":"wp","href":"https:\/\/api.w.org\/{rel}","templated":true}]}}