{"id":24554,"date":"2019-10-08T10:11:35","date_gmt":"2019-10-08T08:11:35","guid":{"rendered":"https:\/\/www.thereportzone.it\/?p=24554"},"modified":"2019-10-08T10:11:35","modified_gmt":"2019-10-08T08:11:35","slug":"musica-in-uscita-il-nuovo-singolo-dei-muzak-non-ho-paura-grande-attesa-per-il-nuovo-lavoro-di-una-band-con-quasi-10-anni-di-carriera","status":"publish","type":"post","link":"https:\/\/www.thereportzone.it\/?p=24554","title":{"rendered":"MUSICA &#8211; In uscita il nuovo singolo dei Muzak: &#8220;Non ho Paura&#8221;. Grande attesa per il nuovo lavoro di una band con quasi 10 anni di carriera"},"content":{"rendered":"<p>&nbsp;<br \/>\n<img fetchpriority=\"high\" decoding=\"async\" class=\"size-full wp-image-24557 aligncenter\" src=\"https:\/\/www.thereportzone.it\/wp-content\/uploads\/2019\/10\/72302159_520076968561228_6426498138382532608_n.jpg\" alt=\"\" width=\"1143\" height=\"600\" \/><br \/>\n<strong>CULTURA<\/strong>. Una band che oseremo definire &#8220;storica&#8221;, se non fosse per l&#8217;et\u00e0 dei suoi componenti, comunque ancora molto giovani. Tuttavia, i <strong><em>Muzak<\/em> <\/strong>si affacciano sulla soglia dei 10 anni di carriera, contando ben nove anni pieni di attivit\u00e0. E forse, \u00e8 proprio in virt\u00f9 di questo importante traguardo che hanno lavorato all&#8217;uscita del loro nuovo singolo. Ma chiss\u00e0, staremo a vedere. Probabilmente celebreranno i dieci anni tondi con un ennesimo capolavoro, com&#8217;\u00e8 degno di essere definito questo &#8220;<em><strong>Non ho Paura<\/strong><\/em>&#8220;, almeno secondo quanto si vocifera da voci di corridoio. L&#8217;uscita ufficiale del nuovo singolo dei Muzak, infatti, \u00e8 fissata per domenica 13 ottobre. Fino ad allora non potremo sapere come \u00e8 stata strutturata, almeno musicalmente, il brano. E anche per questo sale l&#8217;attesa, soprattutto alla luce dell&#8217;ottima qualit\u00e0 musicale cui, questi ragazzi, ci hanno abituato fino ad oggi. Sappiamo, per\u00f2, che la canzone racconta la storia di una donna vittima di violenza, sia fisica che psicologica, subita da parte del proprio partner. Inoltre, nel testo, si affronta la &#8220;paura del cambiamento&#8221; che spesso spinge l&#8217;essere umano a vivere una vita fatta di dolore e privazioni. Insomma, una tematica totalmente immersa nella societ\u00e0 contemporanea, che sar\u00e0 interessante scoprire con quali parole verr\u00e0 raccontata dai Muzak.<br \/>\nLa regia del videoclip \u00e8 stata affidata alla giovane regista campana <strong><em>Marina Fastoso<\/em><\/strong>. La fotografia \u00e8 di <em><strong>Luca Ragucci<\/strong><\/em>. Gli attori protagonisti, invece, sono <em><strong>Cristian Mezzo<\/strong><\/em> e <em><strong>Sophie Reganato<\/strong><\/em>. Il brano \u00e8 stato mixato e masterizzato dal produttore musicale partenopeo <em><strong>Domenico Musto<\/strong><\/em>. &#8220;<em>Non ho Paura<\/em>&#8221; \u00e8 il primo brano registrato con la nuova formazione della band che, oltre ai tre fondatori storici,\u00a0<em><strong>Francesco Pellegrino\u00a0<\/strong><\/em>(voce); <em><strong>Michele Pacecchi<\/strong><\/em> (Tastiere) e <em><strong>Francesco Sasso<\/strong><\/em> (Basso), comprende, rispettivamente alla chitarra e alla batteria, i due nuovi componenti ufficiali: <em><strong>Cosimo Migliaccio<\/strong><\/em> e <em><strong>Marco De Maio<\/strong><\/em>.<br \/>\n<strong>BREVE STORIA DELLA BAND<\/strong>: I Muzak nascono nel luglio del 2010 a Carinola, un piccolo comune dell\u2019alto casertano, dalla collaborazione tra Francesco Pellegrino, Armando Delle Donne, Franc<span class=\"text_exposed_show\">esco Sasso, Michele Pacecchi e Maurizio Conte. Con una formazione ed una cultura musicale abbastanza simile, i cinque decidono di puntare verso il pop-rock Italiano, proponendo inizialmente solo covers di classici italiani di successo, rivisitati in chiave rock moderna.<br \/>\nIl progetto musicale riceve da subito i consensi del pubblico, dando alla band la possibilit\u00e0 di esibirsi, in Campania, numerose volte. Guadagnata la visibilit\u00e0 nel panorama rock locale, la band entra in studio per incidere i primi inediti: &#8220;Ancora una volta&#8221; e &#8220;Sono come mi vedi&#8221;.I due brani si presentano tra loro differenti,il primo \u00e8 una ballad pop-rock con sonorit\u00e0 elettroniche, il secondo,tipicamente rock anni settanta, presenta sonorit\u00e0 molto pi\u00f9 mediterranee.<br \/>\nNegli anni la band conquista appuntamenti live anche fuori dal territorio campano, facendosi cos\u00ec apprezzare da un pubblico ancora pi\u00f9 ampio. Nel 2014, Sasso lascia la band passando il testimone all&#8217;amico, bassista, Fabio Bernasconi, gi\u00e0 cantante e leader dei Boogie Rainbow.<br \/>\nLa consacrazione definitiva della band arriva con l\u2019incisione del singolo \u201cDi te\u2019\u2019 seguita dal videoclip, diretto da Antonio Zannone, che conquista subito un grande successo. Il brano, tipicamente anni ottanta, \u00e8 ispirato al movimento pop di quegli anni, con una chiara influenza delle sonorit\u00e0 di band quali Duran Duran, Depeche Mode ecc.<br \/>\nIl 2015 segna l\u2019uscita, nel mese di ottobre, del primo EP della band \u201cCanzoni d\u2019 amore e di un frullatore \u201c, una raccolta, autoprodotta, di otto covers di successi italiani, riarrangiati dal tastierista Michele Pacecchi.<br \/>\nCon la new entry alla batteria, Massimo Verrillo, la band approda ai provini di X Factor 2016.E\u2019 \u201cPersonal Jesus\u201d dei Depeche Mode il brano presentato alle audizioni live, che garantisce alla band il consenso dei quattro giudici e la standing ovation del pubblico del Pala Alpitur di Torino, nonch\u00e9 l\u2019accesso alla fase successiva.L\u2019 avventura ad X Factor si arresta, purtroppo, ai bootcamp dove si presentano con la loro versione di \u201cPensiero Stupendo\u201d, giudicata \u201cinteressante\u201ddalla rivista Panorama,che attribuisce alla loro performance un bel 7.<br \/>\nUn nuovo cambiamento all\u2019 interno della formazione, vede l\u2019 entrata di Luigi Monfreda, alla chitarra, al fianco di Armando Delle Donne e Antonino Bianco alla batteria, che sostituisce Max Verrillo, costretto da questioni personali a lasciare a malincuore la band.<br \/>\nE\u2019 questa formazione che partecipa il 14 e 15 ottobre 2016 al Premio Musicale \u201cCometincanto\u201d, svoltosi nella splendida location di Citt\u00e0 della Scienza e \u201cIncanta\u201d letteralmente Napoli e una giuria di altissimo livello, conquistando, ad un anno dall\u2019 uscita del primo EP, il Premio della Critica.<br \/>\nAttualmente la band sta lavorando al suo primo disco di inediti. Oggi,\u00a0oltre ai tre fondatori storici,\u00a0<em><strong>Francesco Pellegrino\u00a0<\/strong><\/em>(voce); <em><strong>Michele Pacecchi<\/strong><\/em> (Tastiere) e <em><strong>Francesco Sasso<\/strong><\/em> (Basso), la band comprende, rispettivamente alla chitarra e alla batteria, i due nuovi componenti ufficiali: <em><strong>Cosimo Migliaccio<\/strong><\/em> e <em><strong>Marco De Maio<\/strong><\/em>.<\/span><br \/>\n<img decoding=\"async\" class=\"size-full wp-image-24555 aligncenter\" src=\"https:\/\/www.thereportzone.it\/wp-content\/uploads\/2019\/10\/71717144_494771408046303_2458595578385268736_n.jpg\" alt=\"\" width=\"1031\" height=\"540\" \/><\/p>\n","protected":false},"excerpt":{"rendered":"<p>&nbsp; CULTURA. Una band che oseremo definire &#8220;storica&#8221;, se non fosse per l&#8217;et\u00e0 dei suoi componenti, comunque ancora<\/p>\n","protected":false},"author":2,"featured_media":24556,"comment_status":"closed","ping_status":"closed","sticky":false,"template":"","format":"standard","meta":{"sfsi_plus_gutenberg_text_before_share":"","sfsi_plus_gutenberg_show_text_before_share":"","sfsi_plus_gutenberg_icon_type":"","sfsi_plus_gutenberg_icon_alignemt":"","sfsi_plus_gutenburg_max_per_row":"","footnotes":""},"categories":[2973,10],"tags":[],"class_list":["post-24554","post","type-post","status-publish","format-standard","has-post-thumbnail","hentry","category-carinola","category-cultura"],"_links":{"self":[{"href":"https:\/\/www.thereportzone.it\/index.php?rest_route=\/wp\/v2\/posts\/24554"}],"collection":[{"href":"https:\/\/www.thereportzone.it\/index.php?rest_route=\/wp\/v2\/posts"}],"about":[{"href":"https:\/\/www.thereportzone.it\/index.php?rest_route=\/wp\/v2\/types\/post"}],"author":[{"embeddable":true,"href":"https:\/\/www.thereportzone.it\/index.php?rest_route=\/wp\/v2\/users\/2"}],"replies":[{"embeddable":true,"href":"https:\/\/www.thereportzone.it\/index.php?rest_route=%2Fwp%2Fv2%2Fcomments&post=24554"}],"version-history":[{"count":0,"href":"https:\/\/www.thereportzone.it\/index.php?rest_route=\/wp\/v2\/posts\/24554\/revisions"}],"wp:featuredmedia":[{"embeddable":true,"href":"https:\/\/www.thereportzone.it\/index.php?rest_route=\/"}],"wp:attachment":[{"href":"https:\/\/www.thereportzone.it\/index.php?rest_route=%2Fwp%2Fv2%2Fmedia&parent=24554"}],"wp:term":[{"taxonomy":"category","embeddable":true,"href":"https:\/\/www.thereportzone.it\/index.php?rest_route=%2Fwp%2Fv2%2Fcategories&post=24554"},{"taxonomy":"post_tag","embeddable":true,"href":"https:\/\/www.thereportzone.it\/index.php?rest_route=%2Fwp%2Fv2%2Ftags&post=24554"}],"curies":[{"name":"wp","href":"https:\/\/api.w.org\/{rel}","templated":true}]}}