{"id":24536,"date":"2019-10-07T11:43:48","date_gmt":"2019-10-07T09:43:48","guid":{"rendered":"https:\/\/www.thereportzone.it\/?p=24536"},"modified":"2019-10-07T11:43:48","modified_gmt":"2019-10-07T09:43:48","slug":"automobilista-investe-bambino-sulla-provinciale-daniele-francini-a-i-f-v-s-onlus-su-quella-strada-ci-sono-2-scuole-dobbiamo-tutelare-i-piu-piccoli-al-cento-per-cento","status":"publish","type":"post","link":"https:\/\/www.thereportzone.it\/?p=24536","title":{"rendered":"Automobilista investe bambino sulla Provinciale. Daniele Francini (A.I.F.V.S. Onlus): \u201cSu quella strada ci sono 2 scuole. Dobbiamo tutelare i pi\u00f9 piccoli al cento per cento\u201d"},"content":{"rendered":"<p>&nbsp;<br \/>\n<strong>NAZIONALE<\/strong>.\u00a0<em>Automobilista investe bambino sulla Provinciale. Daniele Francini (A.I.F.V.S. Onlus): \u201cSu quella strada ci sono 2 scuole. Dobbiamo tutelare i pi\u00f9 piccoli al cento per cento\u201d.<\/em><br \/>\nTragedia sfiorata lungo la statale, 525, in localit\u00e0 Bettola, a\u00a0<b>Pozzo d\u2019Adda<\/b>. Un automobilista di 57 anni, nella giornata di gioved\u00ec 3 ottobre, alle ore 17,30 circa, ha investito un bambino di 7 anni.<br \/>\nSul posto subito \u00e8 arrivata un\u2019ambulanza in codice rosso, supportata dal personale medico arrivato in elicottero e una pattuglia dei carabinieri della Compagnia di\u00a0<b>Cassano d\u2019Adda<\/b>. A soccorrere il piccolo anche un\u2019autolettiga e l\u2019elisoccorso. Il bambino \u00e8 stato trasportato presso l\u2019ospedale di\u00a0<b>Bergamo<\/b>, mentre il 57enne, dato il suo stato di shock, \u00e8 stato accompagnato presso il nosocomio in codice verde. Nonostante sia in stato cosciente, le lesioni che ha riportato a seguito dell\u2019impatto, sono molto gravi. Sulla dinamica dell\u2019incidente c\u2019\u00e8 ancora poca chiarezza. Da alcune ricostruzioni si evince che piccolo stesse attraversando le strisce pedonali quando il veicolo \u00e8 passato, investendolo.<br \/>\nSulla vicenda \u00e8 intervenuto\u00a0<b>Daniele Francini<\/b>, referente della sede di Milano dell\u2019Associazione Italiana Familiari e Vittime della strada (A.I.F.V.S.) presieduta da<b>\u00a0Alberto Pallotti<\/b>:\u00a0<i>\u201cNegli ultimi mesi si sono registrati tantissimi incidenti dovuti dalla distrazione e dall\u2019incivilt\u00e0 commesse durante la guida\u00a0<\/i>&#8211; afferma Francini -.\u00a0<i>Dove \u00e8 stato investito il bambino, si trova una scuola materna e in perpendicolare c\u2019\u00e8 anche l\u2019uscita della scuola elementare. Tutti i bambini quando escono sono costretti a percorrere la provinciale per imboccare la strada delle loro abitazioni. Tutti i cittadini hanno lamentato questa situazione e, in molti, mi hanno chiesto un aiuto. Hanno proposto di installare un semaforo e delle strisce pedonali visibili o anche dossi artificiali all\u2019altezza delle strisce. Noi come associazione faremo il possibile affinch\u00e9 questo si realizzi. Sono sempre pi\u00f9 frequenti i casi di incidenti dovuti sia alla distrazione da cellulare alla guida sia allo stato di ebrezza o da assunzione di stupefacenti. Quella provinciale deve diventare sicura poich\u00e9 i bambini devono essere tutelati al cento per cento. Non lo dico solo come responsabile di sede, ma anche come un normalissimo pap\u00e0\u201d.\u00a0<\/i><br \/>\n<b>TESTIMONIANZA SULLA VICENDA<i>.<\/i><\/b><i>\u00a0\u201cMi ha scritto una ragazza che era sul posto\u00a0<\/i>&#8211; afferma il referente A.I.F.V.S. Onlus -,\u00a0<i>testimoniando che il 57enne non avesse frenato n\u00e9 mentre il bambino stava attraversando la strada con la mamma e i suoi due fratellini, n\u00e9 quando l\u2019ha investito. Io ho perso un fratello su una Provinciale, sono padre e anche i miei figli vanno a scuola in quella zona. Il bambino di sette anni \u00e8 in gravi condizioni, speriamo che tenga duro. Sono certo che io e tutta l\u2019Associazione Italiana Familiari e Vittime della Strada faremo di tutto affinch\u00e9 siano apportati dei lavori su quella strada. La sicurezza prima di ogni cosa\u201d.\u00a0<\/i><br \/>\n<b>IL COMMENTO DEL PRESIDENTE PALLOTTI &#8211; \u201c<\/b>Mi rattrista il fatto che si metta cos\u00ec facilmente a rischio la vita dei bambini. E\u2019 necessario un intervento immediato che si concretizzi in maggiori controlli, specie negli orari di uscita scolastica &#8211; afferma il presidente dell\u2019Associazione Italiana Familiari e Vittime della Strada, Alberto Pallotti -. Spendono milioni di euro per scorte di lusso\u00a0\u00a0e poi si dimenticano di anime innocenti non possono scontare sulla loro pelle negligenze altrui. L\u2019esperienza degli anziani pu\u00f2 rappresentare una vera prevenzione, specie in fase di controllo, ma \u00e8 solo con le campagne di sensibilizzazione sociale che si pu\u00f2 entrare nella testa di queste persone irresponsabili e cambiare il loro modus operandi. L\u2019A.I.F.V.S. Onlus sta programmando degli eventi anche in Lombardia con l\u2019intento di lanciare un messaggio chiaro: mai pi\u00f9 morti sulle strade\u201d.<br \/>\n&nbsp;<\/p>\n","protected":false},"excerpt":{"rendered":"<p>&nbsp; NAZIONALE.\u00a0Automobilista investe bambino sulla Provinciale. Daniele Francini (A.I.F.V.S. Onlus): \u201cSu quella strada ci sono 2 scuole. Dobbiamo<\/p>\n","protected":false},"author":2,"featured_media":6192,"comment_status":"closed","ping_status":"closed","sticky":false,"template":"","format":"standard","meta":{"sfsi_plus_gutenberg_text_before_share":"","sfsi_plus_gutenberg_show_text_before_share":"","sfsi_plus_gutenberg_icon_type":"","sfsi_plus_gutenberg_icon_alignemt":"","sfsi_plus_gutenburg_max_per_row":"","footnotes":""},"categories":[8],"tags":[],"class_list":["post-24536","post","type-post","status-publish","format-standard","has-post-thumbnail","hentry","category-cronaca"],"_links":{"self":[{"href":"https:\/\/www.thereportzone.it\/index.php?rest_route=\/wp\/v2\/posts\/24536"}],"collection":[{"href":"https:\/\/www.thereportzone.it\/index.php?rest_route=\/wp\/v2\/posts"}],"about":[{"href":"https:\/\/www.thereportzone.it\/index.php?rest_route=\/wp\/v2\/types\/post"}],"author":[{"embeddable":true,"href":"https:\/\/www.thereportzone.it\/index.php?rest_route=\/wp\/v2\/users\/2"}],"replies":[{"embeddable":true,"href":"https:\/\/www.thereportzone.it\/index.php?rest_route=%2Fwp%2Fv2%2Fcomments&post=24536"}],"version-history":[{"count":0,"href":"https:\/\/www.thereportzone.it\/index.php?rest_route=\/wp\/v2\/posts\/24536\/revisions"}],"wp:featuredmedia":[{"embeddable":true,"href":"https:\/\/www.thereportzone.it\/index.php?rest_route=\/"}],"wp:attachment":[{"href":"https:\/\/www.thereportzone.it\/index.php?rest_route=%2Fwp%2Fv2%2Fmedia&parent=24536"}],"wp:term":[{"taxonomy":"category","embeddable":true,"href":"https:\/\/www.thereportzone.it\/index.php?rest_route=%2Fwp%2Fv2%2Fcategories&post=24536"},{"taxonomy":"post_tag","embeddable":true,"href":"https:\/\/www.thereportzone.it\/index.php?rest_route=%2Fwp%2Fv2%2Ftags&post=24536"}],"curies":[{"name":"wp","href":"https:\/\/api.w.org\/{rel}","templated":true}]}}