{"id":24471,"date":"2019-09-28T08:44:00","date_gmt":"2019-09-28T06:44:00","guid":{"rendered":"https:\/\/www.thereportzone.it\/?p=24471"},"modified":"2019-09-28T08:44:00","modified_gmt":"2019-09-28T06:44:00","slug":"falciano-falerno-fest-2019-entra-nel-vivo-stasera-il-convegno-e-lapertura-degli-stand-con-musica-arte-e-spettacoli","status":"publish","type":"post","link":"https:\/\/www.thereportzone.it\/?p=24471","title":{"rendered":"FALCIANO &#8211; Falerno Fest 2019 entra nel vivo: stasera il convegno e l&#8217;apertura degli stand con musica, arte e spettacoli"},"content":{"rendered":"<p>&nbsp;<br \/>\n<strong>FALCIANO<\/strong>. Falerno Fest 2019 entra nel vivo. Dopo la bellissima giornata di ieri, che si \u00e8 chiusa con il tradizionale appuntamento &#8220;<em><strong>Concorso Vino del Contadino&#8221;<\/strong><\/em>, svoltosi ieri sera in Piazza San Pietro, stasera si proceder\u00e0 con il convegno &#8220;<strong><em>Le Cantine parlano del Falerno<\/em><\/strong>&#8220;. Poi l&#8217;attesissima apertura degli stand con tantissimi spettacoli, musica, arte e l&#8217;enogastronomia tipica del territorio. Intanto, per chi se lo fosse perso, la classifica del miglior Vino del Contadino ha visto: al primo posto <em><strong>Gaetano Prata<\/strong><\/em>; al secondo posto <em><strong>Rocco Maddalena<\/strong><\/em> ed al terzo posto <em><strong>Gaetano Paolella<\/strong><\/em>.<br \/>\n&nbsp;<br \/>\nStasera, come dicevamo, le danze si apriranno alle ore 19:00 per il convegno con le Cantine. Subito dopo ci sar\u00e0 l&#8217;apertura degli stand enogastronomici. Qui si potranno trovare le tantissime specialit\u00e0 culinarie della zona, come: baccal\u00e0; mozzarella di bufala; formaggi pregiati; frutta e castagne; pizze; pizze fritte; piatti tipici locali e, non per ultimi, i famosissimi &#8220;Uanti&#8221;, a cura delle rinomate &#8220;<em><strong>Uantare<\/strong><\/em>&#8221; di Falciano del Massico. Per quanto riguarda le cantine, invece, saranno presenti: <strong><em>Papa; Santoro; Zannini; Regina Viarum; Bianchino; Trabucco <\/em><\/strong>e <strong><em>Pagano<\/em><\/strong>.<br \/>\n&nbsp;<br \/>\nUn passaggio obbligato va fatto su quelle che saranno le rappresentazioni artistiche stabili. Tra questi spunta l&#8217;artigianato di <strong><em>Pasquale Torrico<\/em><\/strong>, insieme ad altri artisti di Falciano del Massico e Sessa Aurunca che esporranno particolari presepi e quadri. Infine, spazio alla musica ed agli spettacoli\u00a0con <em><strong>LA PARANZA D&#8217; OLIONE<\/strong><\/em>, band dal vivo <strong><em>MIMI&#8217; VARRIALE &amp; BAGARIA ACOUSTIC QUARTET;<\/em><\/strong>\u00a0<strong><em>COVER MODA&#8217; &#8211; Burning Heart<\/em><\/strong> ed Artisti di Strada con spettacoli per bambini.<br \/>\n&nbsp;<br \/>\n&nbsp;<br \/>\n<img fetchpriority=\"high\" decoding=\"async\" class=\"size-full wp-image-24403 aligncenter\" src=\"https:\/\/www.thereportzone.it\/wp-content\/uploads\/2019\/09\/70203771_1542722695868749_6256564441601540096_n.jpg\" alt=\"\" width=\"640\" height=\"960\" \/><\/p>\n","protected":false},"excerpt":{"rendered":"<p>&nbsp; FALCIANO. Falerno Fest 2019 entra nel vivo. Dopo la bellissima giornata di ieri, che si \u00e8 chiusa<\/p>\n","protected":false},"author":2,"featured_media":24403,"comment_status":"closed","ping_status":"closed","sticky":false,"template":"","format":"standard","meta":{"sfsi_plus_gutenberg_text_before_share":"","sfsi_plus_gutenberg_show_text_before_share":"","sfsi_plus_gutenberg_icon_type":"","sfsi_plus_gutenberg_icon_alignemt":"","sfsi_plus_gutenburg_max_per_row":"","footnotes":""},"categories":[10,4],"tags":[],"class_list":["post-24471","post","type-post","status-publish","format-standard","has-post-thumbnail","hentry","category-cultura","category-falciano"],"_links":{"self":[{"href":"https:\/\/www.thereportzone.it\/index.php?rest_route=\/wp\/v2\/posts\/24471"}],"collection":[{"href":"https:\/\/www.thereportzone.it\/index.php?rest_route=\/wp\/v2\/posts"}],"about":[{"href":"https:\/\/www.thereportzone.it\/index.php?rest_route=\/wp\/v2\/types\/post"}],"author":[{"embeddable":true,"href":"https:\/\/www.thereportzone.it\/index.php?rest_route=\/wp\/v2\/users\/2"}],"replies":[{"embeddable":true,"href":"https:\/\/www.thereportzone.it\/index.php?rest_route=%2Fwp%2Fv2%2Fcomments&post=24471"}],"version-history":[{"count":0,"href":"https:\/\/www.thereportzone.it\/index.php?rest_route=\/wp\/v2\/posts\/24471\/revisions"}],"wp:featuredmedia":[{"embeddable":true,"href":"https:\/\/www.thereportzone.it\/index.php?rest_route=\/"}],"wp:attachment":[{"href":"https:\/\/www.thereportzone.it\/index.php?rest_route=%2Fwp%2Fv2%2Fmedia&parent=24471"}],"wp:term":[{"taxonomy":"category","embeddable":true,"href":"https:\/\/www.thereportzone.it\/index.php?rest_route=%2Fwp%2Fv2%2Fcategories&post=24471"},{"taxonomy":"post_tag","embeddable":true,"href":"https:\/\/www.thereportzone.it\/index.php?rest_route=%2Fwp%2Fv2%2Ftags&post=24471"}],"curies":[{"name":"wp","href":"https:\/\/api.w.org\/{rel}","templated":true}]}}