{"id":24150,"date":"2019-08-17T13:25:12","date_gmt":"2019-08-17T11:25:12","guid":{"rendered":"https:\/\/www.thereportzone.it\/?p=24150"},"modified":"2019-08-17T13:25:12","modified_gmt":"2019-08-17T11:25:12","slug":"falciano-atti-vandalici-negli-spazi-pubblici-amministrazione-e-cittadini-infuriati","status":"publish","type":"post","link":"https:\/\/www.thereportzone.it\/?p=24150","title":{"rendered":"FALCIANO &#8211; Atti vandalici negli spazi pubblici: amministrazione e cittadini infuriati"},"content":{"rendered":"<p><strong>FALCIANO<\/strong>. \u00c8 successo qualche settimana fa e, purtroppo, il fatto si \u00e8 ripetuto nella scorsa notte. Atti vandalici alle panchine di marmo presso la piazzetta del Monumento ai Caduti r fontane nel centro storico del paese deturpate. Il caso non \u00e8 passato inosservato ne agli amministratori ne ai cittadini di Falciano che stanno mostrando sdegno r disprezzo in rete, denunciando i fatti. In primis va segnalata la denuncia e l\u2019indignazione del sindaco Ing. Giovanni Erasmo Fava che, sulla pagina Facebook, ha pubblicato il seguente messaggio: \u201cDELINQUENTI.\u00a0\u00c8 questo il termine giusto per definire chi durante la notte ha compiuto questi gravi atti vandalici, che si aggiungo ad altri dei giorni scorsi. Dovrebbero provare vergogna di loro stessi. Per non parlare di coloro che ogni notte tentano di distruggere i giochi pubblici per i bambini. Una cosa \u00e8 certa, non molleremo nel lavoro di scovare questi malfattori\u201d. Le parole del sindaco manifestano la denuncia unanime da parte di tutta l\u2019amministrazione comunale, Falciano Bene Comune.<br \/>\nTra i vari esponenti della squadra amministrativa \u00e8 intervenuta anche l\u2019assessore Antonietta Rucco che ha detto: \u201cNUOVO RAID NELLA NOTTE DI IMBECILLI INCIVILI. DANNEGGIATE FONTANE PUBBLICHE E PANCHINE. PREST, MOLTO PRESTO, AVRETE CI\u00d2 CHE MERITATE CON GLI STRUMENTI CHE LA LEGGE METTE A DISPOSIZIONE. INVITO LA PARTE SANA DELLA COMUNIT\u00c0, CHE \u00c8 LA STRAGRANDE MAGGIORANZA, AD INDIGNARSI DI FRONTE A TALI SCEMPI! POPOLO DI FALCIANO, INSIEME, VIGILIAMO AFFINCH\u00c9 QUESTI IMBECILLI NON ABBIANO IL SOPRAVVENTO\u201d.<br \/>\nUnendoci anche noi al forte appello lanciato dalle istituzioni, speriamo che presto questi malfattori possano essere acciuffati e speriamo possano pagare il giusto prezzo per il vile atto compiuto.<br \/>\n&nbsp;<br \/>\n<a href=\"https:\/\/www.thereportzone.it\/wp-content\/uploads\/2019\/08\/DB907450-239C-4919-9B3E-6ACAE4CAC29C.jpeg\"><img fetchpriority=\"high\" decoding=\"async\" class=\"size-full wp-image-24151 aligncenter\" src=\"https:\/\/www.thereportzone.it\/wp-content\/uploads\/2019\/08\/DB907450-239C-4919-9B3E-6ACAE4CAC29C.jpeg\" alt=\"\" width=\"720\" height=\"960\" \/><\/a><br \/>\n&nbsp;<br \/>\n<a href=\"https:\/\/www.thereportzone.it\/wp-content\/uploads\/2019\/08\/A1943D3C-AE53-4656-A831-B7F04B8AC67B.jpeg\"><img decoding=\"async\" class=\"size-full wp-image-24152 aligncenter\" src=\"https:\/\/www.thereportzone.it\/wp-content\/uploads\/2019\/08\/A1943D3C-AE53-4656-A831-B7F04B8AC67B.jpeg\" alt=\"\" width=\"538\" height=\"960\" \/><\/a><br \/>\n&nbsp;<\/p>\n","protected":false},"excerpt":{"rendered":"<p>FALCIANO. \u00c8 successo qualche settimana fa e, purtroppo, il fatto si \u00e8 ripetuto nella scorsa notte. Atti vandalici<\/p>\n","protected":false},"author":2,"featured_media":24151,"comment_status":"closed","ping_status":"closed","sticky":false,"template":"","format":"standard","meta":{"sfsi_plus_gutenberg_text_before_share":"","sfsi_plus_gutenberg_show_text_before_share":"","sfsi_plus_gutenberg_icon_type":"","sfsi_plus_gutenberg_icon_alignemt":"","sfsi_plus_gutenburg_max_per_row":"","footnotes":""},"categories":[8,4,9],"tags":[],"class_list":["post-24150","post","type-post","status-publish","format-standard","has-post-thumbnail","hentry","category-cronaca","category-falciano","category-politica"],"_links":{"self":[{"href":"https:\/\/www.thereportzone.it\/index.php?rest_route=\/wp\/v2\/posts\/24150"}],"collection":[{"href":"https:\/\/www.thereportzone.it\/index.php?rest_route=\/wp\/v2\/posts"}],"about":[{"href":"https:\/\/www.thereportzone.it\/index.php?rest_route=\/wp\/v2\/types\/post"}],"author":[{"embeddable":true,"href":"https:\/\/www.thereportzone.it\/index.php?rest_route=\/wp\/v2\/users\/2"}],"replies":[{"embeddable":true,"href":"https:\/\/www.thereportzone.it\/index.php?rest_route=%2Fwp%2Fv2%2Fcomments&post=24150"}],"version-history":[{"count":0,"href":"https:\/\/www.thereportzone.it\/index.php?rest_route=\/wp\/v2\/posts\/24150\/revisions"}],"wp:featuredmedia":[{"embeddable":true,"href":"https:\/\/www.thereportzone.it\/index.php?rest_route=\/"}],"wp:attachment":[{"href":"https:\/\/www.thereportzone.it\/index.php?rest_route=%2Fwp%2Fv2%2Fmedia&parent=24150"}],"wp:term":[{"taxonomy":"category","embeddable":true,"href":"https:\/\/www.thereportzone.it\/index.php?rest_route=%2Fwp%2Fv2%2Fcategories&post=24150"},{"taxonomy":"post_tag","embeddable":true,"href":"https:\/\/www.thereportzone.it\/index.php?rest_route=%2Fwp%2Fv2%2Ftags&post=24150"}],"curies":[{"name":"wp","href":"https:\/\/api.w.org\/{rel}","templated":true}]}}