{"id":24124,"date":"2019-08-13T13:14:43","date_gmt":"2019-08-13T11:14:43","guid":{"rendered":"https:\/\/www.thereportzone.it\/?p=24124"},"modified":"2019-08-13T13:14:43","modified_gmt":"2019-08-13T11:14:43","slug":"falciano-un-esempio-di-sana-e-reale-integrazione-la-straordinaria-storia-di-francesca-da-poco-cittadina-italiana","status":"publish","type":"post","link":"https:\/\/www.thereportzone.it\/?p=24124","title":{"rendered":"FALCIANO &#8211; Un esempio di sana e reale integrazione, la straordinaria storia di Francesca: da poco Cittadina Italiana"},"content":{"rendered":"<h2 class=\"p1\" style=\"text-align: center;\"><em><span class=\"s1\">\u00a0Un esempio di sana e reale integrazione, la straordinaria storia di Francesca: da poco Cittadina Italiana<\/span><\/em><\/h2>\n<p><a href=\"https:\/\/www.thereportzone.it\/wp-content\/uploads\/2019\/08\/230AD253-6616-4E2B-8E0D-BF1B44E9B4E0.jpeg\"><img fetchpriority=\"high\" decoding=\"async\" class=\"size-full wp-image-24125 aligncenter\" src=\"https:\/\/www.thereportzone.it\/wp-content\/uploads\/2019\/08\/230AD253-6616-4E2B-8E0D-BF1B44E9B4E0.jpeg\" alt=\"\" width=\"565\" height=\"693\" \/><\/a><br \/>\n&nbsp;<\/p>\n<p class=\"p1\"><span class=\"s1\"><strong>FALCIANO<\/strong>. Spesso, le storie legate all\u2019immigrazione ed all\u2019integrazione, portano con s\u00e9 immagini sbagliate, distorte. Non sempre, per\u00f2, \u00e8 cos\u00ec. Ne \u00e8 dimostrazione la storia di <b>Ogechi Malacky Dike<\/b>, o pi\u00f9 semplicemente <b>Francesca<\/b>, che dopo mille sacrifici e peripezie \u00e8 divenuta Cittadina Italiana, a tutti gli effetti, sottoscrivendo e giurando in nome della Costituzione. Nata a Pozzuoli il 5 Marzo 1996, originaria della Nigeria, Francesca \u00e8 arrivata a Falciano il 29 Luglio 1999, dalla Stella Maris di Mondragone, e non \u00e8 pi\u00f9 andata via. Ha conosciuto quella che \u00e8 divenuta la sua famiglia, dove \u00e8 cresciuta e con cui vive tutt\u2019oggi, con l\u2019innato amore ed affetto che soltanto i membri di una famiglia sanno scambiarsi, con pap\u00e0 Mario, mamma Rosetta le sorelle Angela e Valeria ed il fratello Pasquale.\u00a0<\/span><\/p>\n<p class=\"p1\"><span class=\"s1\">Da qualche giorno, a Francesca, \u00e8 stata assegnata la Cittadinanza Italiana. Sembrerebbe una cosa scontata, automatica, ma in realt\u00e0 non \u00e8 cos\u00ec. Sono numerose le trafile burocratiche ed infiniti i tempi d\u2019attesa, ma alla fine, se si \u00e8 realmente motivati, si riesce sempre a raggiungere l\u2019obiettivo. \u00c8 la stessa Francesca a raccontare quanto dura e pesante sia stata questa attesa, affrontando difficili situazioni che soltanto una ragazza temeraria e determinata riesce ad affrontare. Lo ha fatto attraverso la pubblicazione di un post, spiegando anche come il destino abbia con lei \u201cscherzato\u201d, ripescando, dopo venti anni, una data analoga: \u201c20 anni fa ho conosciuto quello che sarebbe diventata la cosa pi\u00f9 importante della mia vita, la mia famiglia. Ed oggi, nello stesso giorno del nostro anniversario, mi \u00e8 stato comunicato di essere, dopo tanti sacrifici, pianti, delusioni ed umiliazioni, Cittadina Italiana\u201d. <\/span><\/p>\n<p class=\"p1\"><span class=\"s1\">Una storia che insegna molto in tema di integrazione. Una storia che dovrebbe insegnarci a guardare oltre. Le umiliazioni cui Francesca si riferisce, probabilmente, potrebbero non esistere in una societ\u00e0 preparata a scoprire cosa c\u2019\u00e8 alle spalle di ogni persona: la storia; la volont\u00e0 d\u2019animo; la determinazione. Senza<span class=\"Apple-converted-space\">\u00a0 <\/span>guardare al colore della pelle. Ma non \u00e8 in questa circostanza che vogliamo dilungarci su tematiche, ahim\u00e8, oggi ancora difficili da affrontare, sebbene ormai nel 2020. Ci preme, invece, complimentarci con questa splendida ragazza, che \u00e8 gi\u00e0 stata capace di dimostrare di che pasta \u00e8 fatta, sicuri che siamo soltanto all\u2019inizio di quella che sar\u00e0 una meravigliosa carriera. Francesca, infatti,<span class=\"Apple-converted-space\">\u00a0 <\/span>dopo il diploma al Liceo Scientifico di Sessa Aurunca, ora frequenta l\u2019Universit\u00e0 Federico II di Napoli, iscritta al corso di Laura Magistrale in Chimica e Tecnologie Farmaceutiche (CTF). Ad Maiora Francesca, ti auguriamo che in Italia tu possa raggiungere ogni tuo sogno. <\/span><\/p>\n","protected":false},"excerpt":{"rendered":"<p>\u00a0Un esempio di sana e reale integrazione, la straordinaria storia di Francesca: da poco Cittadina Italiana &nbsp; FALCIANO.<\/p>\n","protected":false},"author":2,"featured_media":24125,"comment_status":"closed","ping_status":"closed","sticky":false,"template":"","format":"standard","meta":{"sfsi_plus_gutenberg_text_before_share":"","sfsi_plus_gutenberg_show_text_before_share":"","sfsi_plus_gutenberg_icon_type":"","sfsi_plus_gutenberg_icon_alignemt":"","sfsi_plus_gutenburg_max_per_row":"","footnotes":""},"categories":[10,4,9],"tags":[],"class_list":["post-24124","post","type-post","status-publish","format-standard","has-post-thumbnail","hentry","category-cultura","category-falciano","category-politica"],"_links":{"self":[{"href":"https:\/\/www.thereportzone.it\/index.php?rest_route=\/wp\/v2\/posts\/24124"}],"collection":[{"href":"https:\/\/www.thereportzone.it\/index.php?rest_route=\/wp\/v2\/posts"}],"about":[{"href":"https:\/\/www.thereportzone.it\/index.php?rest_route=\/wp\/v2\/types\/post"}],"author":[{"embeddable":true,"href":"https:\/\/www.thereportzone.it\/index.php?rest_route=\/wp\/v2\/users\/2"}],"replies":[{"embeddable":true,"href":"https:\/\/www.thereportzone.it\/index.php?rest_route=%2Fwp%2Fv2%2Fcomments&post=24124"}],"version-history":[{"count":0,"href":"https:\/\/www.thereportzone.it\/index.php?rest_route=\/wp\/v2\/posts\/24124\/revisions"}],"wp:featuredmedia":[{"embeddable":true,"href":"https:\/\/www.thereportzone.it\/index.php?rest_route=\/"}],"wp:attachment":[{"href":"https:\/\/www.thereportzone.it\/index.php?rest_route=%2Fwp%2Fv2%2Fmedia&parent=24124"}],"wp:term":[{"taxonomy":"category","embeddable":true,"href":"https:\/\/www.thereportzone.it\/index.php?rest_route=%2Fwp%2Fv2%2Fcategories&post=24124"},{"taxonomy":"post_tag","embeddable":true,"href":"https:\/\/www.thereportzone.it\/index.php?rest_route=%2Fwp%2Fv2%2Ftags&post=24124"}],"curies":[{"name":"wp","href":"https:\/\/api.w.org\/{rel}","templated":true}]}}