{"id":24121,"date":"2019-08-12T16:57:58","date_gmt":"2019-08-12T14:57:58","guid":{"rendered":"https:\/\/www.thereportzone.it\/?p=24121"},"modified":"2019-08-12T16:57:58","modified_gmt":"2019-08-12T14:57:58","slug":"cellole-baia-domizia-ferragosto-in-sicurezza-vietati-falo-e-barbecue-sulle-spiagge","status":"publish","type":"post","link":"https:\/\/www.thereportzone.it\/?p=24121","title":{"rendered":"Cellole\/Baia Domizia &#8211; Ferragosto in sicurezza, vietati fal\u00f2 e barbecue sulle spiagge"},"content":{"rendered":"<p><strong>CELLOLE<\/strong>. Disposto dal sindaco f.f. di Cellole, Giovanni Iovino, il divieto dal 14 al 16 agosto,\u00a0sugli arenili liberi e le spiagge del territorio,\u00a0di detenere a qualsiasi titolo legna, carbone, carbonella e qualsiasi altro materiale che possa servire all&#8217;accensione dei fuochi ed inoltre di campeggiare, bivaccare ed accendere i fuochi. L&#8217;ordinanza firmata questa mattina, come lo scorso anno, \u00e8 scaturita dal fenomeno di intrattenersi oltre l&#8217;orario della balneazione per campeggiare e accendere fal\u00f2.<br \/>\nIl fenomeno assume caratteri intollerabili nelle notti dal 14 al 16 agosto, con problematiche registrate negli anni precedenti, di sicurezza pubblica e privata e di igiene pubblica dovute all&#8217;abbandono indiscriminato dei residui delle accensioni dei fal\u00f2 sulle spiagge. Di qui il divieto di accensione dei fal\u00f2, per evitare un danno per l&#8217;ambiente, in particolare in prossimit\u00e0 delle dune con cespugli o della pineta per il rischio di incendi.<\/p>\n","protected":false},"excerpt":{"rendered":"<p>CELLOLE. Disposto dal sindaco f.f. di Cellole, Giovanni Iovino, il divieto dal 14 al 16 agosto,\u00a0sugli arenili liberi<\/p>\n","protected":false},"author":2,"featured_media":24122,"comment_status":"closed","ping_status":"closed","sticky":false,"template":"","format":"standard","meta":{"sfsi_plus_gutenberg_text_before_share":"","sfsi_plus_gutenberg_show_text_before_share":"","sfsi_plus_gutenberg_icon_type":"","sfsi_plus_gutenberg_icon_alignemt":"","sfsi_plus_gutenburg_max_per_row":"","footnotes":""},"categories":[9,2968],"tags":[],"class_list":["post-24121","post","type-post","status-publish","format-standard","has-post-thumbnail","hentry","category-politica","category-sessa-aurunca"],"_links":{"self":[{"href":"https:\/\/www.thereportzone.it\/index.php?rest_route=\/wp\/v2\/posts\/24121"}],"collection":[{"href":"https:\/\/www.thereportzone.it\/index.php?rest_route=\/wp\/v2\/posts"}],"about":[{"href":"https:\/\/www.thereportzone.it\/index.php?rest_route=\/wp\/v2\/types\/post"}],"author":[{"embeddable":true,"href":"https:\/\/www.thereportzone.it\/index.php?rest_route=\/wp\/v2\/users\/2"}],"replies":[{"embeddable":true,"href":"https:\/\/www.thereportzone.it\/index.php?rest_route=%2Fwp%2Fv2%2Fcomments&post=24121"}],"version-history":[{"count":0,"href":"https:\/\/www.thereportzone.it\/index.php?rest_route=\/wp\/v2\/posts\/24121\/revisions"}],"wp:featuredmedia":[{"embeddable":true,"href":"https:\/\/www.thereportzone.it\/index.php?rest_route=\/"}],"wp:attachment":[{"href":"https:\/\/www.thereportzone.it\/index.php?rest_route=%2Fwp%2Fv2%2Fmedia&parent=24121"}],"wp:term":[{"taxonomy":"category","embeddable":true,"href":"https:\/\/www.thereportzone.it\/index.php?rest_route=%2Fwp%2Fv2%2Fcategories&post=24121"},{"taxonomy":"post_tag","embeddable":true,"href":"https:\/\/www.thereportzone.it\/index.php?rest_route=%2Fwp%2Fv2%2Ftags&post=24121"}],"curies":[{"name":"wp","href":"https:\/\/api.w.org\/{rel}","templated":true}]}}