{"id":24077,"date":"2019-08-06T20:38:59","date_gmt":"2019-08-06T18:38:59","guid":{"rendered":"https:\/\/www.thereportzone.it\/?p=24077"},"modified":"2019-08-06T20:38:59","modified_gmt":"2019-08-06T18:38:59","slug":"cellole-impianti-finali-bloccati-stop-alla-raccolta-dellumido-il-6-e-7-agosto","status":"publish","type":"post","link":"https:\/\/www.thereportzone.it\/?p=24077","title":{"rendered":"CELLOLE &#8211; Impianti finali bloccati, stop alla raccolta dell&#8217;umido il 6 e 7 agosto"},"content":{"rendered":"<p><strong>CELLOLE<\/strong>. Il sindaco f.f. di Cellole, Giovanni Iovino, a seguito della nota con cui la societ\u00e0 affidataria del servizio di smaltimento della frazione organica proveniente dalla raccolta differenziata ha comunicato la situazione di emergenza degli impianti finali di compostaggio, ha emesso ordinanza contingibile ed urgente di divieto di conferimento rifiuti organici (umido) in data 6\/7 agosto. Si invita, pertanto, la cittadinanza, gli esercizi commerciali, gli uffici, i villeggianti delle Baie, ecc.), a non depositare l&#8217;umido, marted\u00ec 6 agosto, per l&#8217;impossibilit\u00e0 di effettuare la raccolta per il relativo conferimento mercoled\u00ec 7 agosto.<br \/>\nIl divieto temporaneo di conferimento, attesa l&#8217;impossibilit\u00e0 di intervenire con rimedi ordinari o alternativi, \u00e8 scattato considerato che la mancata raccolta, tenuto conto anche delle condizioni climatiche, comporta una emergenza sanitaria e di igiene pubblica.<\/p>\n","protected":false},"excerpt":{"rendered":"<p>CELLOLE. Il sindaco f.f. di Cellole, Giovanni Iovino, a seguito della nota con cui la societ\u00e0 affidataria del<\/p>\n","protected":false},"author":2,"featured_media":24078,"comment_status":"closed","ping_status":"closed","sticky":false,"template":"","format":"standard","meta":{"sfsi_plus_gutenberg_text_before_share":"","sfsi_plus_gutenberg_show_text_before_share":"","sfsi_plus_gutenberg_icon_type":"","sfsi_plus_gutenberg_icon_alignemt":"","sfsi_plus_gutenburg_max_per_row":"","footnotes":""},"categories":[9,2968],"tags":[],"class_list":["post-24077","post","type-post","status-publish","format-standard","has-post-thumbnail","hentry","category-politica","category-sessa-aurunca"],"_links":{"self":[{"href":"https:\/\/www.thereportzone.it\/index.php?rest_route=\/wp\/v2\/posts\/24077"}],"collection":[{"href":"https:\/\/www.thereportzone.it\/index.php?rest_route=\/wp\/v2\/posts"}],"about":[{"href":"https:\/\/www.thereportzone.it\/index.php?rest_route=\/wp\/v2\/types\/post"}],"author":[{"embeddable":true,"href":"https:\/\/www.thereportzone.it\/index.php?rest_route=\/wp\/v2\/users\/2"}],"replies":[{"embeddable":true,"href":"https:\/\/www.thereportzone.it\/index.php?rest_route=%2Fwp%2Fv2%2Fcomments&post=24077"}],"version-history":[{"count":0,"href":"https:\/\/www.thereportzone.it\/index.php?rest_route=\/wp\/v2\/posts\/24077\/revisions"}],"wp:featuredmedia":[{"embeddable":true,"href":"https:\/\/www.thereportzone.it\/index.php?rest_route=\/"}],"wp:attachment":[{"href":"https:\/\/www.thereportzone.it\/index.php?rest_route=%2Fwp%2Fv2%2Fmedia&parent=24077"}],"wp:term":[{"taxonomy":"category","embeddable":true,"href":"https:\/\/www.thereportzone.it\/index.php?rest_route=%2Fwp%2Fv2%2Fcategories&post=24077"},{"taxonomy":"post_tag","embeddable":true,"href":"https:\/\/www.thereportzone.it\/index.php?rest_route=%2Fwp%2Fv2%2Ftags&post=24077"}],"curies":[{"name":"wp","href":"https:\/\/api.w.org\/{rel}","templated":true}]}}