{"id":24032,"date":"2019-08-02T13:35:33","date_gmt":"2019-08-02T11:35:33","guid":{"rendered":"https:\/\/www.thereportzone.it\/?p=24032"},"modified":"2019-08-02T13:35:33","modified_gmt":"2019-08-02T11:35:33","slug":"cultura-lunarte-13-presentato-il-programma-ufficiale-il-festival-non-smentisce-le-aspettative-di-alta-qualita-artistica","status":"publish","type":"post","link":"https:\/\/www.thereportzone.it\/?p=24032","title":{"rendered":"CULTURA &#8211; Lunarte 13, presentato il programma ufficiale: il Festival non smentisce le aspettative di alta qualit\u00e0 artistica"},"content":{"rendered":"<p>&nbsp;<br \/>\n<strong>CULTURA<\/strong>. Mercoled\u00ec 31 Luglio, presso la sala consiliare del comune di Falciano del Massico, c&#8217;\u00e8 stata la presentazione ufficiale del programma di <em><strong>Lunarte Festival<\/strong><\/em>. La manifestazione artistica giunge alla sua Tredicesima edizione, con una serie di novit\u00e0 e tantissimi artisti e numerosi spettacoli tutti da scoprire. Il Festival si svolger\u00e0 in due serate: la prima a Falciano del Massico, il 23 agosto; la seconda a Casanova di Carinola, il 24 agosto. La presentazione del programma ufficiale \u00e8 stata l&#8217;occasione per conoscere tutti gli artisti che animeranno i borghi antichi dei due paesi, con personaggi della scena artistica nazionale degni di nota. Nelle due serate si trovano nomi come,\u00a0<em><strong>Francesco Di Bella<\/strong><\/em>, che si esibir\u00e0 in un concerto in acustico: &#8220;ex frontman del gruppo <strong><em>24 Grana<\/em><\/strong> e da qualche anno protagonista di un percorso solista che lo ha visto pubblicare nel 2014 \u201cBallads Caf\u00e8\u201d e nel 2016 \u201cNuova Gianturco\u201d, Francesco Di Bella ritorna con \u201c\u2019O Diavolo\u201d, il nuovo album d\u2019inediti, un disco che si preannuncia di rottura e d\u2019innovazione, confermando \u201c\u2019O Cardillo\u201d napoletano come uno tra i migliori esponenti del cantautorato rock d\u2019autore&#8221;.\u00a0<em><strong>Fabio Magnasciutti<\/strong><\/em>, con una mostra personale: &#8220;<em>Una selezione di vignette satiriche o umoristiche o non si sa. I temi sono quelli del quotidiano, di ci\u00f2 che si vive o si dovrebbe vivere: relazioni, amore, morte, poco pi\u00f9, che gi\u00e0 basta l\u2019origine di qualsiasi altra cosa, pi\u00f9 grande, pi\u00f9 sociale se non si riesce a guardare se stessi o ci\u00f2 che immediatamente ci circonda; il resto diventa davvero complicato<\/em>&#8220;.\u00a0<em><strong>Surealistas<\/strong><\/em>, 8 musicisti &#8211; tre provenienti dall&#8217;Argentina, tre dalla Toscana e due dalla Sicilia. &#8220;<em>Canzoni tradizionali ma anche canti dell&#8217;America Latina, dove ritmi caraibici e clave africane incontrano il gergo di Buenos Aires e le vibrazioni della Cumbia. La loro esperienza live \u00e8 assolutamente da vedere: esuberante, divertente, romantica e sorprendente&#8221;.\u00a0<strong>Vittorio Continelli<\/strong>, con &#8220;Astolfo e la luna&#8221;: &#8220;Nel mondo fantastico immaginato e descritto da Ariosto nell\u2019Orlando furioso c\u2019\u00e8 un volo: quello di Astolfo verso al Luna. La vicenda \u00e8 nota, il Paladino viene inviato \u2013 previa intercessione divina \u2013 a recuperare il senno perduto di Orlando sul satellite per poi far ritorno sulla Terra&#8221;.\u00a0<\/em>I <em><strong>Willy Balkan\u2019s Travel Agency<\/strong><\/em>\u00a0, che &#8220;<em>reinterpretano brani tradizionali e non dell\u2019area balcanica, prediligendo i ritmi dispari propri della regione che si estende dal mare Adriatico allo stretto dei Dardanelli e proponendo un repertorio che spazia dalla musica bulgara a quella macedone, da quella turca a quella serba e ungherese<\/em>&#8220;, e tantissimi altri nomi che potrete trovare sul programma ufficiale consultando il sito <a href=\"https:\/\/www.lunartefestival.it\/1600-2\/?fbclid=IwAR133mCEEvYhpOSZmgROJQC2R4ZMtiEKiBtswx8W3rILPa0C8_7qYdwKXiw\"><strong>WWW.LUNARTEFESTIVAL.IT<\/strong><\/a><br \/>\nLunarte, da oltre dieci anni, riesce a mantenere una qualit\u00e0 artistica molto alta, proponendo nomi molto conosciuti ma, allo stesso tempo, anche tantissimi professionisti &#8220;di nicchia&#8221;. Del resto, questo Festival, si pone come obiettivo fondamentale la propagazione dell&#8217;arte, in ogni sua sfaccettatura, passando per la rivalorizzazione (o ripopolazione se vogliamo) dei borghi antichi dei piccoli comuni di questo territorio, spesso sconosciuti o &#8220;abbandonati&#8221;. Da questo punto di vista \u00e8 importante anche l&#8217;iniziativa intrapresa quest&#8217;anno, con la decisione di svolgere il Festival in due comuni diversi. Cos\u00ec come il rappresentante della neonata Associazione Lunarte, <strong>Pasquale Passaretti<\/strong> ha dichiarato: &#8220;<em>E&#8217; soltanto attraverso una rete tra persone e comuni che si riesce a dare la giusta propagazione all&#8217;arte, conoscendo allo stesso tempo, la storia di questi territori, scoprendoli, vivendoli e popolandoli<\/em>&#8220;. Un protocollo d&#8217;intesa tra due Comuni, quello di Falciano del Massico e Carinola, pu\u00f2 essere un buon inizio per creare una rete tra persone interessate alla crescita ed alla propagazione della cultura e dell&#8217;arte, senza dimenticare che, purtroppo, rispetto ad altri luoghi e territori d&#8217;Italia, c&#8217;\u00e8 ancora molto da lavorare. Alla presentazione del programma ufficiale, lo scorso 31 luglio, erano presenti tutti gli esponenti dell&#8217;amministrazione comunale Falciano Bene Comune, guidata dal sindaco Ing. <strong><em>Giovanni Erasmo Fava<\/em><\/strong>, e gli esponenti dell&#8217;Amministrazione comunale di Carinola, guidata dal sindaco <em><strong>Antonio Russo<\/strong><\/em>.<br \/>\n<a href=\"https:\/\/www.thereportzone.it\/wp-content\/uploads\/2019\/08\/balkan.jpg\"><img fetchpriority=\"high\" decoding=\"async\" class=\"size-full wp-image-24037 aligncenter\" src=\"https:\/\/www.thereportzone.it\/wp-content\/uploads\/2019\/08\/balkan.jpg\" alt=\"\" width=\"745\" height=\"541\" \/><\/a><\/p>\n","protected":false},"excerpt":{"rendered":"<p>&nbsp; CULTURA. Mercoled\u00ec 31 Luglio, presso la sala consiliare del comune di Falciano del Massico, c&#8217;\u00e8 stata la<\/p>\n","protected":false},"author":2,"featured_media":24037,"comment_status":"closed","ping_status":"closed","sticky":false,"template":"","format":"standard","meta":{"sfsi_plus_gutenberg_text_before_share":"","sfsi_plus_gutenberg_show_text_before_share":"","sfsi_plus_gutenberg_icon_type":"","sfsi_plus_gutenberg_icon_alignemt":"","sfsi_plus_gutenburg_max_per_row":"","footnotes":""},"categories":[2973,10,4,941],"tags":[],"class_list":["post-24032","post","type-post","status-publish","format-standard","has-post-thumbnail","hentry","category-carinola","category-cultura","category-falciano","category-uncategorized"],"_links":{"self":[{"href":"https:\/\/www.thereportzone.it\/index.php?rest_route=\/wp\/v2\/posts\/24032"}],"collection":[{"href":"https:\/\/www.thereportzone.it\/index.php?rest_route=\/wp\/v2\/posts"}],"about":[{"href":"https:\/\/www.thereportzone.it\/index.php?rest_route=\/wp\/v2\/types\/post"}],"author":[{"embeddable":true,"href":"https:\/\/www.thereportzone.it\/index.php?rest_route=\/wp\/v2\/users\/2"}],"replies":[{"embeddable":true,"href":"https:\/\/www.thereportzone.it\/index.php?rest_route=%2Fwp%2Fv2%2Fcomments&post=24032"}],"version-history":[{"count":0,"href":"https:\/\/www.thereportzone.it\/index.php?rest_route=\/wp\/v2\/posts\/24032\/revisions"}],"wp:featuredmedia":[{"embeddable":true,"href":"https:\/\/www.thereportzone.it\/index.php?rest_route=\/"}],"wp:attachment":[{"href":"https:\/\/www.thereportzone.it\/index.php?rest_route=%2Fwp%2Fv2%2Fmedia&parent=24032"}],"wp:term":[{"taxonomy":"category","embeddable":true,"href":"https:\/\/www.thereportzone.it\/index.php?rest_route=%2Fwp%2Fv2%2Fcategories&post=24032"},{"taxonomy":"post_tag","embeddable":true,"href":"https:\/\/www.thereportzone.it\/index.php?rest_route=%2Fwp%2Fv2%2Ftags&post=24032"}],"curies":[{"name":"wp","href":"https:\/\/api.w.org\/{rel}","templated":true}]}}