{"id":23922,"date":"2019-07-24T21:55:02","date_gmt":"2019-07-24T19:55:02","guid":{"rendered":"https:\/\/www.thereportzone.it\/?p=23922"},"modified":"2019-07-24T21:55:02","modified_gmt":"2019-07-24T19:55:02","slug":"comunita-montana-del-matese-franco-imperadore-eletto-presidente-la-soddisfazione-di-zannini","status":"publish","type":"post","link":"https:\/\/www.thereportzone.it\/?p=23922","title":{"rendered":"Comunit\u00e0 montana del Matese, Franco Imperadore eletto presidente. La soddisfazione di Zannini"},"content":{"rendered":"<blockquote>\n<h2 style=\"text-align: center;\"><em><strong>Comunit\u00e0 montana del Matese, Franco Imperadore eletto presidente. La soddisfazione di Zannini<\/strong><\/em><\/h2>\n<\/blockquote>\n<p>&#8220;Vorrei fare il mio pi\u00f9 felice e incoraggiante in bocca al lupo al caro amico Franco Imperadore, che andr\u00e0 a guidare la comunit\u00e0 montana del Matese in virt\u00f9 delle elezioni di oggi, che lo hanno visto imporsi per 9 a 8. La comunit\u00e0 del Matese comprende un&#8217;area molto importante per la nostra regione, per la quale con l&#8217;amico Franco metteremo in campo la massima sinergia che consenta un&#8217;adeguata centralit\u00e0 al territorio nelle scelte di politica di governo regionale. Facendo squadra &#8211; conclude Zannini &#8211; come abbiamo fatto finora, raggiungeremo grandi traguardi&#8221;. Cos\u00ec il consigliere regionale *Giovanni Zannini* a margine dell&#8217;elezione di Franco Imperadore a presidente della comunit\u00e0 montana del Matese, nella cui giunta entreranno anche un rappresentante del comune di Alife e di Prata Sannita.<\/p>\n","protected":false},"excerpt":{"rendered":"<p>Comunit\u00e0 montana del Matese, Franco Imperadore eletto presidente. La soddisfazione di Zannini &#8220;Vorrei fare il mio pi\u00f9 felice<\/p>\n","protected":false},"author":2,"featured_media":23923,"comment_status":"closed","ping_status":"closed","sticky":false,"template":"","format":"standard","meta":{"sfsi_plus_gutenberg_text_before_share":"","sfsi_plus_gutenberg_show_text_before_share":"","sfsi_plus_gutenberg_icon_type":"","sfsi_plus_gutenberg_icon_alignemt":"","sfsi_plus_gutenburg_max_per_row":"","footnotes":""},"categories":[6,9],"tags":[],"class_list":["post-23922","post","type-post","status-publish","format-standard","has-post-thumbnail","hentry","category-caserta","category-politica"],"_links":{"self":[{"href":"https:\/\/www.thereportzone.it\/index.php?rest_route=\/wp\/v2\/posts\/23922"}],"collection":[{"href":"https:\/\/www.thereportzone.it\/index.php?rest_route=\/wp\/v2\/posts"}],"about":[{"href":"https:\/\/www.thereportzone.it\/index.php?rest_route=\/wp\/v2\/types\/post"}],"author":[{"embeddable":true,"href":"https:\/\/www.thereportzone.it\/index.php?rest_route=\/wp\/v2\/users\/2"}],"replies":[{"embeddable":true,"href":"https:\/\/www.thereportzone.it\/index.php?rest_route=%2Fwp%2Fv2%2Fcomments&post=23922"}],"version-history":[{"count":0,"href":"https:\/\/www.thereportzone.it\/index.php?rest_route=\/wp\/v2\/posts\/23922\/revisions"}],"wp:featuredmedia":[{"embeddable":true,"href":"https:\/\/www.thereportzone.it\/index.php?rest_route=\/"}],"wp:attachment":[{"href":"https:\/\/www.thereportzone.it\/index.php?rest_route=%2Fwp%2Fv2%2Fmedia&parent=23922"}],"wp:term":[{"taxonomy":"category","embeddable":true,"href":"https:\/\/www.thereportzone.it\/index.php?rest_route=%2Fwp%2Fv2%2Fcategories&post=23922"},{"taxonomy":"post_tag","embeddable":true,"href":"https:\/\/www.thereportzone.it\/index.php?rest_route=%2Fwp%2Fv2%2Ftags&post=23922"}],"curies":[{"name":"wp","href":"https:\/\/api.w.org\/{rel}","templated":true}]}}