{"id":23748,"date":"2019-07-08T15:58:18","date_gmt":"2019-07-08T13:58:18","guid":{"rendered":"https:\/\/www.thereportzone.it\/?p=23748"},"modified":"2019-07-08T15:58:18","modified_gmt":"2019-07-08T13:58:18","slug":"lunarte-festival-presentata-la-tredicesima-edizione-protocollo-dintesa-con-falciano-e-carinola-le-foto","status":"publish","type":"post","link":"https:\/\/www.thereportzone.it\/?p=23748","title":{"rendered":"Lunarte Festival, presentata la tredicesima edizione: Protocollo d&#8217;intesa con Falciano e Carinola &#8211; LE FOTO"},"content":{"rendered":"<p><strong>CULTURA<\/strong>. E&#8217; avvenuta ieri sera a Carinola, presso Palazzo Novelli, la presentazione di <strong><em>Lunarte 13<\/em><\/strong>. Erano presenti il sindaco di Carinola <strong><em>Antonio Russo<\/em><\/strong>, ed il sindaco di Falciano del Massico Ing. <strong><em>Giovanni Erasmo Fava<\/em><\/strong>, oltre a <em><strong>Pasquale Passaretti<\/strong><\/em>, nelle vesti di moderatore e rappresentante dell&#8217;Associazione Lunarte. Un momento importante nel quale, oltre a gettare uno sguardo su quelle che saranno le due serate del Festival (<strong><em>23 Agosto a Falciano e 24 Agosto a Carinola<\/em><\/strong>), si \u00e8 parlato anche delle tantissime novit\u00e0 di questo evento. Partiamo col dire che \u00e8 stato stipulato un protocollo d&#8217;intesa tra l&#8217;Associazione Lunarte ed i Comuni di Falciano del Massico e Carinola.<br \/>\nUn &#8220;accordo&#8221; triennale attraverso il quale si potr\u00e0 dare maggiore impulso alla manifestazione, con l&#8217;obiettivo di mantenere vivi: valorizzazione del territorio; salvaguardia e del patrimonio storico-culturale, ambientale, agricolo ed imprenditoriale del territorio. Viene da s\u00e9, poi, che attraverso la forte personalit\u00e0 artistica dell&#8217;evento, si andr\u00e0 ad incrementare un turismo sano, legato all&#8217;arte e alla cultura, con percorsi di storia e tradizione, in un territorio ricco di potenzialit\u00e0.<strong> LEGGI IL PROTOCOLLO D&#8217;INTESA &gt;&gt;&gt;\u00a0<a href=\"https:\/\/www.thereportzone.it\/wp-content\/uploads\/2019\/07\/SCHEMA-PROTOCOLLO-INTESA.pdf\" target=\"_blank\" rel=\"noopener\">PROTOCOLLO-INTESA<\/a><\/strong><br \/>\nInteressanti gli interventi dei due sindaci che hanno sottolineato l&#8217;importanza del protocollo d&#8217;intesa e la &#8220;preziosit\u00e0&#8221; di un evento Lunarte per i due comuni. Il sindaco Antonio Russo ha espresso l&#8217;importanza per il Comune di Carinola di avere, ormai da anni, un Festival cos\u00ec importante. Inoltre, nei giorni del Festival e nei mesi precedenti alle serate, si assiste ad una grande mobilitazione tra i giovani, impegnati in una causa importante, di spessore culturale. Sottolineata l&#8217;importanza, inoltre, di un asse tra Comuni, quello di Carinola e Falciano, che pu\u00f2 soltanto essere utile alla crescita territoriale.<br \/>\n&#8220;<em>Abbiamo accolto fin da subito, con estrema seriet\u00e0 e gratificazione la possibilit\u00e0 di poter portare nel nostro Comune un evento cos\u00ec importante e di grosso spessore culturale come il Lunarte<\/em>&#8221; -ha dichiarato il sindaco Ing. Giovanni Erasmo Fava, che ha poi continuato: &#8220;<em>Se desideriamo davvero una crescita reale del territorio, allora non possiamo bypassare la cultura e tutto ci\u00f2 che da essa ne deriva. Soltanto attraverso la valorizzazione di ci\u00f2 che caratterizza un territorio si pu\u00f2 raggiungere tale obiettivo. Mi riferisco alle bellezze artistiche; all&#8217;importanza della nostra storia e soprattutto ad una visione ampia del territorio, superando i campanilismi sterili che non sortiscono alcun risultato. Come gi\u00e0 annunciato in passato &#8211; <\/em>conclude il sindaco Erasmo Fava<em>&#8211; \u00e8\u00a0importante per noi proporre questi eventi, all\u2019insegna della promozione culturale, elemento predominante nel nostro modo di fare politica. Inoltre, questa edizione, prevede la collaborazione tra due comuni, quello nostro e quello di Carinola, fattore fondamentale per le nostre intenzioni di collaborazioni, volte alla crescita di un intero territorio, e non soltanto di un singolo comune&#8221;.\u00a0<\/em><br \/>\nMa, oltre alla sottoscrizione del protocollo d&#8217;intesa, \u00e8 stato presentato anche il logo ufficiale dell&#8217;Associazione ed il manifesto dell&#8217;edizione numero 13, entrambi a cura di Bambi Kramer. A seguire, poi, la musica di Alfredo Iannelli e della band Augure. Siamo entusiasti di vedere il Lunarte Festival crescere sempre pi\u00f9. Riteniamo sia una risorsa importante per il nostro territorio. Di seguito vi proponiamo il logo dell&#8217;associazione, il manifesto dell&#8217;edizione numero 13 ed alcuni scatti durante la sottoscrizione del protocollo d&#8217;intesa. Buon Festival a tutti.<br \/>\n&nbsp;<br \/>\n&nbsp;<br \/>\n<a href=\"https:\/\/www.thereportzone.it\/wp-content\/uploads\/2019\/07\/66360645_455461048367843_7472916930928574464_n.jpg\"><img fetchpriority=\"high\" decoding=\"async\" class=\"size-full wp-image-23762 aligncenter\" src=\"https:\/\/www.thereportzone.it\/wp-content\/uploads\/2019\/07\/66360645_455461048367843_7472916930928574464_n.jpg\" alt=\"\" width=\"644\" height=\"802\" \/><\/a><br \/>\n&nbsp;<br \/>\n<a href=\"https:\/\/www.thereportzone.it\/wp-content\/uploads\/2019\/07\/66099150_1115741248615820_491963940838834176_n.jpg\"><img decoding=\"async\" class=\"size-full wp-image-23750 aligncenter\" src=\"https:\/\/www.thereportzone.it\/wp-content\/uploads\/2019\/07\/66099150_1115741248615820_491963940838834176_n.jpg\" alt=\"\" width=\"676\" height=\"960\" \/><\/a><br \/>\n<a href=\"https:\/\/www.thereportzone.it\/wp-content\/uploads\/2019\/07\/66368586_465970590642430_7732149500373893120_n.jpg\"><img decoding=\"async\" class=\"size-full wp-image-23752 aligncenter\" src=\"https:\/\/www.thereportzone.it\/wp-content\/uploads\/2019\/07\/66368586_465970590642430_7732149500373893120_n.jpg\" alt=\"\" width=\"480\" height=\"360\" \/><\/a><br \/>\n<a href=\"https:\/\/www.thereportzone.it\/wp-content\/uploads\/2019\/07\/66442628_794279380974076_7570294594127003648_n.jpg\"><img loading=\"lazy\" decoding=\"async\" class=\"size-full wp-image-23753 aligncenter\" src=\"https:\/\/www.thereportzone.it\/wp-content\/uploads\/2019\/07\/66442628_794279380974076_7570294594127003648_n.jpg\" alt=\"\" width=\"360\" height=\"480\" \/><\/a><br \/>\n&nbsp;<\/p>\n","protected":false},"excerpt":{"rendered":"<p>CULTURA. E&#8217; avvenuta ieri sera a Carinola, presso Palazzo Novelli, la presentazione di Lunarte 13. Erano presenti il<\/p>\n","protected":false},"author":2,"featured_media":23751,"comment_status":"closed","ping_status":"closed","sticky":false,"template":"","format":"standard","meta":{"sfsi_plus_gutenberg_text_before_share":"","sfsi_plus_gutenberg_show_text_before_share":"","sfsi_plus_gutenberg_icon_type":"","sfsi_plus_gutenberg_icon_alignemt":"","sfsi_plus_gutenburg_max_per_row":"","footnotes":""},"categories":[2973,10,4,9],"tags":[],"class_list":["post-23748","post","type-post","status-publish","format-standard","has-post-thumbnail","hentry","category-carinola","category-cultura","category-falciano","category-politica"],"_links":{"self":[{"href":"https:\/\/www.thereportzone.it\/index.php?rest_route=\/wp\/v2\/posts\/23748"}],"collection":[{"href":"https:\/\/www.thereportzone.it\/index.php?rest_route=\/wp\/v2\/posts"}],"about":[{"href":"https:\/\/www.thereportzone.it\/index.php?rest_route=\/wp\/v2\/types\/post"}],"author":[{"embeddable":true,"href":"https:\/\/www.thereportzone.it\/index.php?rest_route=\/wp\/v2\/users\/2"}],"replies":[{"embeddable":true,"href":"https:\/\/www.thereportzone.it\/index.php?rest_route=%2Fwp%2Fv2%2Fcomments&post=23748"}],"version-history":[{"count":0,"href":"https:\/\/www.thereportzone.it\/index.php?rest_route=\/wp\/v2\/posts\/23748\/revisions"}],"wp:featuredmedia":[{"embeddable":true,"href":"https:\/\/www.thereportzone.it\/index.php?rest_route=\/"}],"wp:attachment":[{"href":"https:\/\/www.thereportzone.it\/index.php?rest_route=%2Fwp%2Fv2%2Fmedia&parent=23748"}],"wp:term":[{"taxonomy":"category","embeddable":true,"href":"https:\/\/www.thereportzone.it\/index.php?rest_route=%2Fwp%2Fv2%2Fcategories&post=23748"},{"taxonomy":"post_tag","embeddable":true,"href":"https:\/\/www.thereportzone.it\/index.php?rest_route=%2Fwp%2Fv2%2Ftags&post=23748"}],"curies":[{"name":"wp","href":"https:\/\/api.w.org\/{rel}","templated":true}]}}