{"id":23629,"date":"2019-06-28T09:06:46","date_gmt":"2019-06-28T07:06:46","guid":{"rendered":"https:\/\/www.thereportzone.it\/?p=23629"},"modified":"2019-06-28T09:06:46","modified_gmt":"2019-06-28T07:06:46","slug":"tragedia-sessa-aurunca-colto-da-malore-durante-un-memorial-muore-giovanissimo-proprietario-del-caffe-duomo","status":"publish","type":"post","link":"https:\/\/www.thereportzone.it\/?p=23629","title":{"rendered":"TRAGEDIA A SESSA &#8211; Colto da malore durante un memorial: muore giovanissimo proprietario del Caff\u00e8 Duomo"},"content":{"rendered":"<p>&nbsp;<br \/>\n<strong>SESSA AURUNCA<\/strong>. Una vera e propria tragedia sta scuotendo l\u2019intera comunit\u00e0 sessana, ma non solo. Mirco Ciprino, classe 1989, proprietario del Caff\u00e8 Duomo e conosciutissimo in tutto il territorio, \u00e8 deceduto stamattina. Il giovane stava partecipando ad un Memorial, che si stava disputando presso alcuni campi da calcetto. Proprio durante l\u2019evento Mirco si \u00e8 accasciato al suolo, colto molto probabilmente da un malore.<br \/>\nImmediati i soccorsi da parte degli amici e poi l\u2019immediata chiamata ai sanitari del 118. Da quel momento \u00e8 stato trasportato nel reparto di rianimazione. Tantissimi i tentativi da parte dei medici, ma purtroppo non c\u2019\u00e8 stato nulla da fare. Mirco Ciprino \u00e8 deceduto alle ore 6:00 di stamattina. Un\u2019intera comunit\u00e0 a lutto. Anche Generazione Aurunca ha lanciato l\u2019annuncio della triste scomparsa.<br \/>\n<img fetchpriority=\"high\" decoding=\"async\" class=\"aligncenter wp-image-23630 size-medium\" src=\"https:\/\/www.thereportzone.it\/wp-content\/uploads\/2019\/06\/F9B6C41E-8509-4461-AA6B-02AA30981C51-210x300.jpeg\" alt=\"\" width=\"210\" height=\"300\" \/><\/p>\n","protected":false},"excerpt":{"rendered":"<p>&nbsp; SESSA AURUNCA. Una vera e propria tragedia sta scuotendo l\u2019intera comunit\u00e0 sessana, ma non solo. Mirco Ciprino,<\/p>\n","protected":false},"author":2,"featured_media":0,"comment_status":"closed","ping_status":"closed","sticky":false,"template":"","format":"standard","meta":{"sfsi_plus_gutenberg_text_before_share":"","sfsi_plus_gutenberg_show_text_before_share":"","sfsi_plus_gutenberg_icon_type":"","sfsi_plus_gutenberg_icon_alignemt":"","sfsi_plus_gutenburg_max_per_row":"","footnotes":""},"categories":[8,2968],"tags":[],"class_list":["post-23629","post","type-post","status-publish","format-standard","hentry","category-cronaca","category-sessa-aurunca"],"_links":{"self":[{"href":"https:\/\/www.thereportzone.it\/index.php?rest_route=\/wp\/v2\/posts\/23629"}],"collection":[{"href":"https:\/\/www.thereportzone.it\/index.php?rest_route=\/wp\/v2\/posts"}],"about":[{"href":"https:\/\/www.thereportzone.it\/index.php?rest_route=\/wp\/v2\/types\/post"}],"author":[{"embeddable":true,"href":"https:\/\/www.thereportzone.it\/index.php?rest_route=\/wp\/v2\/users\/2"}],"replies":[{"embeddable":true,"href":"https:\/\/www.thereportzone.it\/index.php?rest_route=%2Fwp%2Fv2%2Fcomments&post=23629"}],"version-history":[{"count":0,"href":"https:\/\/www.thereportzone.it\/index.php?rest_route=\/wp\/v2\/posts\/23629\/revisions"}],"wp:attachment":[{"href":"https:\/\/www.thereportzone.it\/index.php?rest_route=%2Fwp%2Fv2%2Fmedia&parent=23629"}],"wp:term":[{"taxonomy":"category","embeddable":true,"href":"https:\/\/www.thereportzone.it\/index.php?rest_route=%2Fwp%2Fv2%2Fcategories&post=23629"},{"taxonomy":"post_tag","embeddable":true,"href":"https:\/\/www.thereportzone.it\/index.php?rest_route=%2Fwp%2Fv2%2Ftags&post=23629"}],"curies":[{"name":"wp","href":"https:\/\/api.w.org\/{rel}","templated":true}]}}