{"id":23594,"date":"2019-06-25T16:35:02","date_gmt":"2019-06-25T14:35:02","guid":{"rendered":"https:\/\/www.thereportzone.it\/?p=23594"},"modified":"2019-06-25T16:35:02","modified_gmt":"2019-06-25T14:35:02","slug":"falciano-primo-incontro-tematico-alla-caffetteria-del-corso-con-massico-resiliente-e-cantina-papa","status":"publish","type":"post","link":"https:\/\/www.thereportzone.it\/?p=23594","title":{"rendered":"FALCIANO &#8211; Primo Incontro Tematico alla Caffetteria del Corso con Massico Resiliente e Cantina Papa"},"content":{"rendered":"<p><strong>FALCIANO<\/strong>.\u00a0 E\u2019 in programma per venerd\u00ec 28 giugno 2019 il \u201cPrimo Incontro Tematico \u2013 Terra Mia\u201d, organizzato da <em><strong>Caffetteria del Corso<\/strong><\/em>, in Via Crocelle n. 5, a Falciano del Massico. Un evento importante, il primo di una serie di incontri, tutti indirizzati ad approfondimenti sul territorio, passando per i prodotti che da esso ne derivano, come ad esempio il vino Falerno; per le tantissime attivit\u00e0, anche associative, volte alla salvaguardia dello stesso; per le esperienze e le testimonianze degli imprenditori e tutti coloro i quali si impegnano, ogni giorno, in questo senso. \u201c<em>Vogliamo dare valore ed occasione di incontro a tutte le realt\u00e0 locali che danno apporto positivo a questa terra, e che quotidianamente si battono ed investono nel territorio<\/em>\u201d. Queste le parole che arrivano dallo staff della Caffetteria del Corso: \u201c<em>E\u2019 soltanto il primo incontro. Ne avremo molti altri in cui vedremo protagonisti imprenditori ed aziende del nostro territorio<\/em>\u201d \u2013concludono. Tra i presenti, venerd\u00ec sera, il gruppo <em><strong>Massico Resiliente<\/strong><\/em>, che esporr\u00e0, attraverso vari interventi, i principi che sono alla base della loro iniziativa, che li vede parte attiva per la tutela del Monte Massico e delle altre aree naturali del territorio. Sar\u00e0 presente, poi, <strong><em>Antonio Papa (Cantina Papa)<\/em><\/strong>: in qualit\u00e0 di imprenditore, da sempre molto impegnato, esporr\u00e0 con testimonianze ed esperienze territoriali. Sar\u00e0 una serata interattiva, durante la quale saranno proposte anche immagini e brevi video che raccontano la nostra terra. Ci sar\u00e0, inoltre, un buffet con accompagnamento di vino Falerno. Insomma, una serata da non perdere che getta le basi per approfondimenti a 360\u00b0 sulla nostra terra, le nostre origini e sulla vocazione territoriale. Qui di seguito la locandina ufficiale.<br \/>\n<img fetchpriority=\"high\" decoding=\"async\" class=\"size-full wp-image-23596 aligncenter\" src=\"https:\/\/www.thereportzone.it\/wp-content\/uploads\/2019\/06\/64810107_2232465193506163_8022696873942843392_n.jpg\" alt=\"\" width=\"699\" height=\"669\" \/><br \/>\n<img decoding=\"async\" class=\"size-full wp-image-23597 aligncenter\" src=\"https:\/\/www.thereportzone.it\/wp-content\/uploads\/2019\/06\/gagga.jpg\" alt=\"\" width=\"797\" height=\"533\" \/><br \/>\n&nbsp;<\/p>\n","protected":false},"excerpt":{"rendered":"<p>FALCIANO.\u00a0 E\u2019 in programma per venerd\u00ec 28 giugno 2019 il \u201cPrimo Incontro Tematico \u2013 Terra Mia\u201d, organizzato da<\/p>\n","protected":false},"author":2,"featured_media":23597,"comment_status":"closed","ping_status":"closed","sticky":false,"template":"","format":"standard","meta":{"sfsi_plus_gutenberg_text_before_share":"","sfsi_plus_gutenberg_show_text_before_share":"","sfsi_plus_gutenberg_icon_type":"","sfsi_plus_gutenberg_icon_alignemt":"","sfsi_plus_gutenburg_max_per_row":"","footnotes":""},"categories":[10,4],"tags":[],"class_list":["post-23594","post","type-post","status-publish","format-standard","has-post-thumbnail","hentry","category-cultura","category-falciano"],"_links":{"self":[{"href":"https:\/\/www.thereportzone.it\/index.php?rest_route=\/wp\/v2\/posts\/23594"}],"collection":[{"href":"https:\/\/www.thereportzone.it\/index.php?rest_route=\/wp\/v2\/posts"}],"about":[{"href":"https:\/\/www.thereportzone.it\/index.php?rest_route=\/wp\/v2\/types\/post"}],"author":[{"embeddable":true,"href":"https:\/\/www.thereportzone.it\/index.php?rest_route=\/wp\/v2\/users\/2"}],"replies":[{"embeddable":true,"href":"https:\/\/www.thereportzone.it\/index.php?rest_route=%2Fwp%2Fv2%2Fcomments&post=23594"}],"version-history":[{"count":0,"href":"https:\/\/www.thereportzone.it\/index.php?rest_route=\/wp\/v2\/posts\/23594\/revisions"}],"wp:featuredmedia":[{"embeddable":true,"href":"https:\/\/www.thereportzone.it\/index.php?rest_route=\/"}],"wp:attachment":[{"href":"https:\/\/www.thereportzone.it\/index.php?rest_route=%2Fwp%2Fv2%2Fmedia&parent=23594"}],"wp:term":[{"taxonomy":"category","embeddable":true,"href":"https:\/\/www.thereportzone.it\/index.php?rest_route=%2Fwp%2Fv2%2Fcategories&post=23594"},{"taxonomy":"post_tag","embeddable":true,"href":"https:\/\/www.thereportzone.it\/index.php?rest_route=%2Fwp%2Fv2%2Ftags&post=23594"}],"curies":[{"name":"wp","href":"https:\/\/api.w.org\/{rel}","templated":true}]}}