{"id":23557,"date":"2019-06-23T18:38:20","date_gmt":"2019-06-23T16:38:20","guid":{"rendered":"https:\/\/www.thereportzone.it\/?p=23557"},"modified":"2019-06-23T18:38:20","modified_gmt":"2019-06-23T16:38:20","slug":"innovazione-a-cellole-consegnato-il-veicolo-sponsorizzato-per-il-trasporto-sociale","status":"publish","type":"post","link":"https:\/\/www.thereportzone.it\/?p=23557","title":{"rendered":"Innovazione a Cellole, consegnato il veicolo sponsorizzato per il trasporto sociale"},"content":{"rendered":"<p>Si \u00e8 tenuta questa mattina in piazza Raffaello, un importante cerimonia sul piano umano e sociale,\u00a0per la consegna del veicolo adibito al trasporto sociale.<br \/>\nL&#8217;amministrazione comunale con il sostegno di diversi sponsor del territorio, ha realizzato il Progetto Mobilit\u00e0 Garantita, con cui contribuire al trasporto delle persone pi\u00f9 deboli, rendendo loro meno difficile la mobilit\u00e0. La sindaca Cristina Compasso, con l&#8217;assessore Antonietta Marchegiano che ha ripreso e portato avanti il progetto, alla presenza della giornalista Matilde Crolla che ha moderato l&#8217;evento, del responsabile dell&#8217;ufficio delle Politiche Sociali Stanislao Verrengia, dei vertici della PMG, della Protezione Civile, di operatori nel campo dei servizi sociali, della cittadinanza intervenuta e di numerosi esponenti del gruppo di maggioranza ha tagliato il nastro per la consegna del veicolo. La sindaca Compasso ha ringraziato singolarmente tutti gli sponsor. L&#8217;amministrazione comunale nel rispetto di una scala di valori condivisa, guardando alla comunit\u00e0 per stimolare un cambiamento positivo e migliorare la qualit\u00e0 della vita difende la diversit\u00e0 e promuove l&#8217;integrazione. L&#8217;ente pubblico fornir\u00e0 un servizio efficace, rispondendo ad esigenze reali, nonostante il bilancio sempre pi\u00f9 risicato, grazie agli imprenditori che hanno sponsorizzato l&#8217;iniziativa, dando un contributo fattivo al benessere della collettivit\u00e0, distinguendosi per sensibilit\u00e0 e per l&#8217;attenzione ai bisogni di soggetti deboli.<\/p>\n","protected":false},"excerpt":{"rendered":"<p>Si \u00e8 tenuta questa mattina in piazza Raffaello, un importante cerimonia sul piano umano e sociale,\u00a0per la consegna<\/p>\n","protected":false},"author":2,"featured_media":23558,"comment_status":"closed","ping_status":"closed","sticky":false,"template":"","format":"standard","meta":{"sfsi_plus_gutenberg_text_before_share":"","sfsi_plus_gutenberg_show_text_before_share":"","sfsi_plus_gutenberg_icon_type":"","sfsi_plus_gutenberg_icon_alignemt":"","sfsi_plus_gutenburg_max_per_row":"","footnotes":""},"categories":[10,9,2968],"tags":[],"class_list":["post-23557","post","type-post","status-publish","format-standard","has-post-thumbnail","hentry","category-cultura","category-politica","category-sessa-aurunca"],"_links":{"self":[{"href":"https:\/\/www.thereportzone.it\/index.php?rest_route=\/wp\/v2\/posts\/23557"}],"collection":[{"href":"https:\/\/www.thereportzone.it\/index.php?rest_route=\/wp\/v2\/posts"}],"about":[{"href":"https:\/\/www.thereportzone.it\/index.php?rest_route=\/wp\/v2\/types\/post"}],"author":[{"embeddable":true,"href":"https:\/\/www.thereportzone.it\/index.php?rest_route=\/wp\/v2\/users\/2"}],"replies":[{"embeddable":true,"href":"https:\/\/www.thereportzone.it\/index.php?rest_route=%2Fwp%2Fv2%2Fcomments&post=23557"}],"version-history":[{"count":0,"href":"https:\/\/www.thereportzone.it\/index.php?rest_route=\/wp\/v2\/posts\/23557\/revisions"}],"wp:featuredmedia":[{"embeddable":true,"href":"https:\/\/www.thereportzone.it\/index.php?rest_route=\/"}],"wp:attachment":[{"href":"https:\/\/www.thereportzone.it\/index.php?rest_route=%2Fwp%2Fv2%2Fmedia&parent=23557"}],"wp:term":[{"taxonomy":"category","embeddable":true,"href":"https:\/\/www.thereportzone.it\/index.php?rest_route=%2Fwp%2Fv2%2Fcategories&post=23557"},{"taxonomy":"post_tag","embeddable":true,"href":"https:\/\/www.thereportzone.it\/index.php?rest_route=%2Fwp%2Fv2%2Ftags&post=23557"}],"curies":[{"name":"wp","href":"https:\/\/api.w.org\/{rel}","templated":true}]}}