{"id":23546,"date":"2019-06-22T17:34:23","date_gmt":"2019-06-22T15:34:23","guid":{"rendered":"https:\/\/www.thereportzone.it\/?p=23546"},"modified":"2019-06-22T17:34:23","modified_gmt":"2019-06-22T15:34:23","slug":"falciano-larcheologo-e-scrittore-luigi-crimaco-al-polo-culturale-con-il-suo-sinuessa-leredita-di-cesare","status":"publish","type":"post","link":"https:\/\/www.thereportzone.it\/?p=23546","title":{"rendered":"FALCIANO &#8211; L\u2019Archeologo e scrittore Luigi Crimaco al Polo Culturale con il suo Sinuessa, l\u2019eredit\u00e0 di Cesare"},"content":{"rendered":"<p><strong>FALCIANO<\/strong>. Si \u00e8 svolto ieri, presso il Polo Culturale Ager Falernus, l\u2019importante incontro con lo scrittore Prof. Luigi Crimaco, che ha presentato il suo ultimo libro: \u201cSinuessa &#8211; L\u2019eredit\u00e0 di Cesare\u201d. Un bellissimo evento,\u00a0che ha visto la partecipazione di cariche istituzionali, \u00a0imprenditori locali, e personaggi della cultura. Erano presenti, oltre allo scrittore ed archeologo Prof. Luigi Crimaco, il biologo Enzo Salzano, l\u2019assessore alla cultura, vice sindaco Maria Palmina Manica, il direttore del Polo Culturale Prof. Giuseppe Toscano. Inoltre, erano presenti al tavolo, Antonio Papa, dell\u2019azienda vinicola Cantina Papa, il giornalista Pierluigi Benvenuti e gli esponenti dell\u2019amministrazione comunale Falciano Bene Comune (ad eccezione del sindaco impegnato in incontro istituzionale di carattere regionale).<br \/>\nAd aprire il dibattito il Prof. Giuseppe Toscano, sempre preciso nell\u2019elencare \u00a0tutti gli aspetti positivi di un fermento culturale che, con l\u2019apertura del Polo Culturale, si sta verificando. E sono molti, in effetti, gli incontri eseguiti negli ultimi periodi presso la suddetta sede. Bello ed interessante l\u2019intervento introduttivo della Prof. Maria Palmina Manica, nelle vesti di assessore alla cultura, introducendo lo scrittore percorrendo anche \u00a0una amicizia che sussiste, tra loro, da anni. La parola poi \u00e8 passata allo scrittore Crimaco: questi ha spiegato l\u2019importanza, per lui, di aver potuto portare il suo libro a Falciano del Massico, luogo in cui, da bambino, ha trascorso tantissimo tempo con la zia. Qui, una piccola dedica proprio alla zia defunta, e la platea inizia a sciogliersi ai sentimenti ed alle bellissime parole pronunciate proprio dal Prof. Crimaco. Ma al di l\u00e0 delle bellissime sensazioni, dal suo discorso \u00e8 emerso anche molta concretezza. In effetti, Sinuessa &#8211; L\u2019eredit\u00e0 di Cesare, \u00e8 un libro radicato nella storia che ha contraddistinto la antica citt\u00e0 di Sinuessa; che racconta e descrive alla perfezione i personaggi ed i luoghi pi\u00f9 significativi della storia di Roma, nel nostro territorio. Allo stesso tempo rappresenta un enorme esempio su come \u201cafferrare\u201d il presente, senza farselo scappare, e valorizzando ci\u00f2 che, nella storia, si \u00e8 tramandato fino ai giorni nostri. \u201cAbbiamo bisogno di tornare ad esser in grado di\u00a0interpretare il nostro \u00a0territorio, valorizzandolo attraverso la storia &#8211; dice Luigi Crimaco- Rivivere il passato in chiave moderna, con tutto quanto ci \u00e8 stato tralasciato (vigneti, ville romane, tracce di storia antica)\u201d. L\u2019unione tra la storia antica e quella dei giorni nostri racchiude, forse, la vocazione artistica del Prof. Luigi Crimaco, archeologo e scrittore, che con il suo libro descrive fatti storici attraverso un vero e proprio triller storico. A nostro avviso un ottimo gancio tra passato e presente, utile a conoscere la storia per vivere al meglio il presente.<br \/>\nDi particolare interesse anche l\u2019intervento del biologico Enzo Salzano. Per lui l&#8217;unificazione dei territori, l\u2019interpretazione di vaste aree come un unico territorio, \u00a0all\u2019interno delle quali ci sono imprenditori illuminati, degli studiosi, \u00e8 di fondamentale importanza per conoscere cose a noi sconosciute, con le quali, magari, conviviamo da sempre. \u201cLa conoscenza \u00e8 alla base di tutto se vogliamo conoscere il nostro territorio, le nostre bellezze, la nostra storia e noi stessi. Come portare alla luce queste bellezze? Sicuramente un ottimo inizio potrebbe essere avere alla base di tutto politici illuminati che dedichino il loro tempo a valorizzarne le virt\u00f9 di un territorio, e trasmettendo una politica unitaria, e non campanilistica\u201d.<br \/>\nDella stessa opinione Antonio Papa: \u201cNell\u2019ambito della produzione del vino Falerno, troppo spesso si tende a superare il tema storico, per dedicarsi esclusivamente al fattore consumistico, senza comprendere che senza storia non c\u2019\u00e8 ricchezza, soprattutto nella vendita del vino\u201d.<br \/>\nAnche l\u2019intervento del giornalista Benvenuti \u00e8 risultato molto utile nell&#8217;approfondimento del libro, mantenendo le righe e marcando l\u2019importanza della cura e valorizzazione del territorio. Come raggiungere tale obiettivo senza avvalersi della storia? Dobbiamo trarre spunto dal nostro passato, osservando le opere degli antichi romani, ma non solo: intuendo come hanno agito e pensato. Tutto ci\u00f2 pu\u00f2 rivelarsi utile, ai giorni nostri, per ripristinare i valori perduti.<br \/>\nIncontri di spessore culturale di questo tipo dovrebbero aversene spesse volte. Impossibile perdere di vista \u00a0i valori utili all&#8217;intuizione di ci\u00f2 che siamo. Spesso, al cospetto di un\u2019opera d\u2019arte o di reperti archeologici, non ne conosciamo la provenienza. La storia \u00e8 immensa, ed \u00e8 difficile conoscerne tutte le sue sfaccettature, ma porsi nei suoi confronti nella giusta maniera, imparare a conoscerla ed a leggerla, osservarla, rispettarla, pu\u00f2 sicuramente aiutare tutti noi a \u201cripristinare\u201d valori ed idee che, nella societ\u00e0 contemporanea, vanno perdendosi. Qui di seguito le foto dell\u2019incontro.<br \/>\n&nbsp;<br \/>\n<img fetchpriority=\"high\" decoding=\"async\" class=\"size-full wp-image-23549 aligncenter\" src=\"https:\/\/www.thereportzone.it\/wp-content\/uploads\/2019\/06\/C0B1FBD1-11CD-47AC-9469-8C5B41DDB2A6.jpeg\" alt=\"\" width=\"1024\" height=\"768\" \/> <img decoding=\"async\" class=\"size-full wp-image-23550 aligncenter\" src=\"https:\/\/www.thereportzone.it\/wp-content\/uploads\/2019\/06\/31481BC3-13C8-48B0-A3BD-88694659F664.jpeg\" alt=\"\" width=\"1024\" height=\"768\" \/> <img decoding=\"async\" class=\"size-full wp-image-23551 aligncenter\" src=\"https:\/\/www.thereportzone.it\/wp-content\/uploads\/2019\/06\/6F76A36E-06E3-4830-9123-95E4A21DD65E.jpeg\" alt=\"\" width=\"1024\" height=\"768\" \/> <img loading=\"lazy\" decoding=\"async\" class=\"size-full wp-image-23552 aligncenter\" src=\"https:\/\/www.thereportzone.it\/wp-content\/uploads\/2019\/06\/5F9DBD5D-404E-4870-973C-490C1EFAF8E9.jpeg\" alt=\"\" width=\"768\" height=\"1024\" \/> <img loading=\"lazy\" decoding=\"async\" class=\"size-full wp-image-23553 aligncenter\" src=\"https:\/\/www.thereportzone.it\/wp-content\/uploads\/2019\/06\/D053C367-D51B-4174-ACA9-C410CC77E48D.jpeg\" alt=\"\" width=\"1024\" height=\"768\" \/> <img loading=\"lazy\" decoding=\"async\" class=\"size-full wp-image-23554 aligncenter\" src=\"https:\/\/www.thereportzone.it\/wp-content\/uploads\/2019\/06\/904315A0-CE8B-4C64-AE40-6F1AE6620C4D.jpeg\" alt=\"\" width=\"1024\" height=\"768\" \/><br \/>\n&nbsp;<br \/>\n&nbsp;<br \/>\n&nbsp;<\/p>\n","protected":false},"excerpt":{"rendered":"<p>FALCIANO. Si \u00e8 svolto ieri, presso il Polo Culturale Ager Falernus, l\u2019importante incontro con lo scrittore Prof. Luigi<\/p>\n","protected":false},"author":2,"featured_media":23553,"comment_status":"closed","ping_status":"closed","sticky":false,"template":"","format":"standard","meta":{"sfsi_plus_gutenberg_text_before_share":"","sfsi_plus_gutenberg_show_text_before_share":"","sfsi_plus_gutenberg_icon_type":"","sfsi_plus_gutenberg_icon_alignemt":"","sfsi_plus_gutenburg_max_per_row":"","footnotes":""},"categories":[10,4],"tags":[],"class_list":["post-23546","post","type-post","status-publish","format-standard","has-post-thumbnail","hentry","category-cultura","category-falciano"],"_links":{"self":[{"href":"https:\/\/www.thereportzone.it\/index.php?rest_route=\/wp\/v2\/posts\/23546"}],"collection":[{"href":"https:\/\/www.thereportzone.it\/index.php?rest_route=\/wp\/v2\/posts"}],"about":[{"href":"https:\/\/www.thereportzone.it\/index.php?rest_route=\/wp\/v2\/types\/post"}],"author":[{"embeddable":true,"href":"https:\/\/www.thereportzone.it\/index.php?rest_route=\/wp\/v2\/users\/2"}],"replies":[{"embeddable":true,"href":"https:\/\/www.thereportzone.it\/index.php?rest_route=%2Fwp%2Fv2%2Fcomments&post=23546"}],"version-history":[{"count":0,"href":"https:\/\/www.thereportzone.it\/index.php?rest_route=\/wp\/v2\/posts\/23546\/revisions"}],"wp:featuredmedia":[{"embeddable":true,"href":"https:\/\/www.thereportzone.it\/index.php?rest_route=\/"}],"wp:attachment":[{"href":"https:\/\/www.thereportzone.it\/index.php?rest_route=%2Fwp%2Fv2%2Fmedia&parent=23546"}],"wp:term":[{"taxonomy":"category","embeddable":true,"href":"https:\/\/www.thereportzone.it\/index.php?rest_route=%2Fwp%2Fv2%2Fcategories&post=23546"},{"taxonomy":"post_tag","embeddable":true,"href":"https:\/\/www.thereportzone.it\/index.php?rest_route=%2Fwp%2Fv2%2Ftags&post=23546"}],"curies":[{"name":"wp","href":"https:\/\/api.w.org\/{rel}","templated":true}]}}