{"id":23480,"date":"2019-06-18T12:57:42","date_gmt":"2019-06-18T10:57:42","guid":{"rendered":"https:\/\/www.thereportzone.it\/?p=23480"},"modified":"2019-06-18T12:57:42","modified_gmt":"2019-06-18T10:57:42","slug":"lunarte-sbarca-a-falciano-grande-fermento-per-la-grande-kermesse-culturale","status":"publish","type":"post","link":"https:\/\/www.thereportzone.it\/?p=23480","title":{"rendered":"LUNARTE SBARCA A FALCIANO: GRANDE FERMENTO PER LA GRANDE KERMESSE CULTURALE"},"content":{"rendered":"<blockquote><p><strong>LUNARTE SBARCA A FALCIANO: GRANDE FERMENTO PER LA GRANDE KERMESSE CULTURALE<\/strong><\/p><\/blockquote>\n<p>&nbsp;<br \/>\n<strong>FALCIANO<\/strong>. E\u2019 difficile introdurre un evento come <strong>Lunarte<\/strong>, nonostante noi di The Report Zone ne siamo media partner da 4 anni. E\u2019 difficile perch\u00e9, questo evento, che dura da oltre 10 anni, \u00e8 riuscito a diventare una kermesse importante, estendendosi a livello nazionale, se si pensa alla caratura degli artisti che vi partecipano. Una cosa \u00e8 certa: quest\u2019anno, il Comune di Falciano del Massico, avr\u00e0 il piacere di ospitare la tredicesima edizione del Lunarte Festival, in paese, dando ulteriore slancio alle gi\u00e0 molto attive politiche volte all\u2019incremento culturale, oltre che turistico. Lunarte sar\u00e0 a Falciano del Massico con spettacoli di teatro diffuso, spettacoli musicali, per le vie e le \u201ccorti\u201d del paese in ben due date: una di presentazione ed un\u2019altra dedicata agli spettacoli in s\u00e9, il 23 agosto, nel pieno dello svolgimento del festival.<br \/>\nGrande merito all\u2019amministrazione comunale Falciano Bene Comune, guidata dal sindaco Ing. <em><strong>Giovanni Erasmo Fava<\/strong><\/em>, che si \u00e8 mostrata da subito aperta ad un evento che, al di l\u00e0 della storia che ha alle spalle, quest\u2019anno si far\u00e0 portavoce di importanti novit\u00e0. \u201c<em>Stipuleremo un protocollo, insieme al Comune di Carinola e all\u2019Associazione Lunarte<\/em> \u2013ha dichiarato il sindaco Ing. Giovanni Erasmo Fava- <em>in quanto saranno due le serate che andranno a svolgersi a Falciano: una di presentazione e l\u2019altra dedicata agli spettacoli. La presentazione dell\u2019evento \u00e8 prevista a Luglio, mentre la serata dedicata agli spettacoli in s\u00e9, \u00e8 prevista per il 23 agosto. Abbiamo il piacere di ospitare questo grande festival proprio in questa edizione, piena di novit\u00e0 rispetto anche agli anni passati. E\u2019 importante per noi proporre questi eventi, all\u2019insegna della promozione culturale, elemento predominante nel nostro modo di fare politica. Inoltre, questa edizione, prevede la collaborazione tra due comuni, quello nostro e quello di Carinola, fattore fondamentale per le nostre intenzioni di collaborazioni, volte alla crescita di un intero territorio, e non soltanto di un singolo comune<\/em>\u201d. Dello stesso parere il delegato agli eventi, consigliere comunale <strong><em>Geppino De Santis<\/em><\/strong>: \u201c<em>E\u2019 un evento atteso da tutti, per tutto l\u2019anno, finalmente avremo l\u2019onore di ospitarlo nel nostro paese. Una visione ampia di politica non pu\u00f2 che passare per grandi vedute culturali e di interrelazione territoriale, per la promozione del territorio e della cultura stessa. Una grande opportunit\u00e0 per Falciano del Massico che non potevamo assolutamente perdere<\/em>\u201d. Nei prossimi articoli entreremo nel dettaglio. Saremo presenti alle presentazioni dell\u2019evento e alla sottoscrizione del protocollo d\u2019intesa.<\/p>\n","protected":false},"excerpt":{"rendered":"<p>LUNARTE SBARCA A FALCIANO: GRANDE FERMENTO PER LA GRANDE KERMESSE CULTURALE &nbsp; FALCIANO. E\u2019 difficile introdurre un evento<\/p>\n","protected":false},"author":2,"featured_media":23481,"comment_status":"closed","ping_status":"closed","sticky":false,"template":"","format":"standard","meta":{"sfsi_plus_gutenberg_text_before_share":"","sfsi_plus_gutenberg_show_text_before_share":"","sfsi_plus_gutenberg_icon_type":"","sfsi_plus_gutenberg_icon_alignemt":"","sfsi_plus_gutenburg_max_per_row":"","footnotes":""},"categories":[2973,10,4,9],"tags":[],"class_list":["post-23480","post","type-post","status-publish","format-standard","has-post-thumbnail","hentry","category-carinola","category-cultura","category-falciano","category-politica"],"_links":{"self":[{"href":"https:\/\/www.thereportzone.it\/index.php?rest_route=\/wp\/v2\/posts\/23480"}],"collection":[{"href":"https:\/\/www.thereportzone.it\/index.php?rest_route=\/wp\/v2\/posts"}],"about":[{"href":"https:\/\/www.thereportzone.it\/index.php?rest_route=\/wp\/v2\/types\/post"}],"author":[{"embeddable":true,"href":"https:\/\/www.thereportzone.it\/index.php?rest_route=\/wp\/v2\/users\/2"}],"replies":[{"embeddable":true,"href":"https:\/\/www.thereportzone.it\/index.php?rest_route=%2Fwp%2Fv2%2Fcomments&post=23480"}],"version-history":[{"count":0,"href":"https:\/\/www.thereportzone.it\/index.php?rest_route=\/wp\/v2\/posts\/23480\/revisions"}],"wp:featuredmedia":[{"embeddable":true,"href":"https:\/\/www.thereportzone.it\/index.php?rest_route=\/"}],"wp:attachment":[{"href":"https:\/\/www.thereportzone.it\/index.php?rest_route=%2Fwp%2Fv2%2Fmedia&parent=23480"}],"wp:term":[{"taxonomy":"category","embeddable":true,"href":"https:\/\/www.thereportzone.it\/index.php?rest_route=%2Fwp%2Fv2%2Fcategories&post=23480"},{"taxonomy":"post_tag","embeddable":true,"href":"https:\/\/www.thereportzone.it\/index.php?rest_route=%2Fwp%2Fv2%2Ftags&post=23480"}],"curies":[{"name":"wp","href":"https:\/\/api.w.org\/{rel}","templated":true}]}}