{"id":23400,"date":"2019-06-10T15:15:55","date_gmt":"2019-06-10T13:15:55","guid":{"rendered":"https:\/\/www.thereportzone.it\/?p=23400"},"modified":"2019-06-10T15:15:55","modified_gmt":"2019-06-10T13:15:55","slug":"convegno-centesimus-annus","status":"publish","type":"post","link":"https:\/\/www.thereportzone.it\/?p=23400","title":{"rendered":"ROMA &#8211; Convegno Internazionale Centesimus Annus: presente un eccellente professionista del nostro territorio"},"content":{"rendered":"<div dir=\"auto\" style=\"text-align: left;\"><strong>CULTURA<\/strong>. L&#8217;importante Convegno Internazionale Fondazione Centesimus ANNUS Pro Pontefice si \u00e8 svolto dal 6\/8 giugno 2019 in Citt\u00e0 del Vaticano presso l\u2019aula del nuovo Sinodo. Il tema del convegno \u00e8 stato: &#8220;Come \u00e8\u2019 vissuta la Laudato Si nell\u2019 epoca digitale&#8221;. Il panel di relatori d\u2019importanza planetari si sono interrelati nel corso del Convegno presieduto dalla nuova presidente: Professoressa <strong><em>Anna Maria TARANTOLA<\/em><\/strong> (ex presidente Rai). Tra gli interventi: Monsignor <strong><em>Nunzio Galantino;\u00a0<\/em><em>Ferruccio DE BORTOLI; <\/em><\/strong><em>C<\/em>ardinale Parolin.<\/div>\n<div dir=\"auto\" style=\"text-align: left;\">In questo contesto era presente il chapter di Prato, con il referente Dr. <strong><em>Giuseppe NICODEMO (ORIGINARIO DI FALCIANO DEL MASSICO E CHE OGGI VIVE A PRATO);<\/em><\/strong>\u00a0il referente ecclesiale Don <em><strong>Helmut SZELIGA<\/strong><\/em> ed i soci della FCAPP Dottoressa <strong><em>Lucia Bigazzi<\/em><\/strong> ed il notaio <em><strong>Renato D\u2019AMBRA<\/strong><\/em>, oltre al Dott. <strong><em>Luigi MARCUCCI<\/em><\/strong>.<\/div>\n<div dir=\"auto\" style=\"text-align: left;\">Il chapter di Prato ha presentato una relazione dal titolo: &#8220;<em>La parabola del fiume BISENZIO, fonte di vita per il territorio pratese<\/em>\u201d.<\/div>\n<div dir=\"auto\" style=\"text-align: left;\">Ha collaborato alla formazione della relazione il giovane Ingegnere ambientale pratese <strong><em>Stefano TAITI<\/em><\/strong>.<\/div>\n<div dir=\"auto\" style=\"text-align: left;\">Gli aderenti della fondazione CENTESIMUS \u00a0ANNUS, dopo aver presentato l\u2019evoluzione dell\u2019Ecologia integrale del territorio negli ultimi 70 anni, hanno approfondito \u00a0temi consustanziali con l\u2019 Ecologia: la crescita interculturale nel distretto pratese.<\/div>\n<div dir=\"auto\" style=\"text-align: left;\">Il chapter si ripromette \u00a0di verificare e diffondere sul territorio i risultati del Convegno e pi\u00f9 in particolare \u00a0i principi ispiratori dell\u2019enciclica Laudato Si, che, se saranno applicati, la nostra comunit\u00e0 ne avr\u00e0 un beneficio totale. Il Convegno, infine, si \u00e8 concluso con la visita privata del Papa. Qui di seguito alcune foto significanti del Convegno.<\/div>\n<div dir=\"auto\"><\/div>\n<div dir=\"auto\"><\/div>\n<div dir=\"auto\"><img fetchpriority=\"high\" decoding=\"async\" class=\"size-full wp-image-23408 aligncenter\" src=\"https:\/\/www.thereportzone.it\/wp-content\/uploads\/2019\/06\/62190874_468212264005590_7713773886524882944_n.jpg\" alt=\"\" width=\"400\" height=\"533\" \/><\/div>\n<div dir=\"auto\"><\/div>\n<div dir=\"auto\"><img decoding=\"async\" class=\"size-full wp-image-23407 aligncenter\" src=\"https:\/\/www.thereportzone.it\/wp-content\/uploads\/2019\/06\/62223978_1549396861862203_7197201651390742528_n.jpg\" alt=\"\" width=\"500\" height=\"375\" \/><\/div>\n<div dir=\"auto\"><\/div>\n<div dir=\"auto\"><img decoding=\"async\" class=\"size-full wp-image-23406 aligncenter\" src=\"https:\/\/www.thereportzone.it\/wp-content\/uploads\/2019\/06\/62125887_1075084552676222_877519319594958848_n.jpg\" alt=\"\" width=\"589\" height=\"421\" \/><\/div>\n<div dir=\"auto\"><\/div>\n<div dir=\"auto\"><img loading=\"lazy\" decoding=\"async\" class=\"size-full wp-image-23405 aligncenter\" src=\"https:\/\/www.thereportzone.it\/wp-content\/uploads\/2019\/06\/64370841_361166431202186_4677499473046274048_n.jpg\" alt=\"\" width=\"720\" height=\"960\" \/><\/div>\n<div dir=\"auto\"><\/div>\n<div dir=\"auto\"><img loading=\"lazy\" decoding=\"async\" class=\"size-full wp-image-23404 aligncenter\" src=\"https:\/\/www.thereportzone.it\/wp-content\/uploads\/2019\/06\/64333838_810902679295451_2898665546805411840_n.jpg\" alt=\"\" width=\"540\" height=\"960\" \/><\/div>\n<div dir=\"auto\"><\/div>\n<div dir=\"auto\"><img loading=\"lazy\" decoding=\"async\" class=\"size-full wp-image-23401 aligncenter\" src=\"https:\/\/www.thereportzone.it\/wp-content\/uploads\/2019\/06\/62200634_322409858694434_3243606009708544000_n.jpg\" alt=\"\" width=\"960\" height=\"720\" \/><\/div>\n<div dir=\"auto\"><\/div>\n<div dir=\"auto\"><img loading=\"lazy\" decoding=\"async\" class=\"size-full wp-image-23402 aligncenter\" src=\"https:\/\/www.thereportzone.it\/wp-content\/uploads\/2019\/06\/62233568_340233096909223_7987333861279268864_n.jpg\" alt=\"\" width=\"720\" height=\"960\" \/><\/div>\n","protected":false},"excerpt":{"rendered":"<p>CULTURA. L&#8217;importante Convegno Internazionale Fondazione Centesimus ANNUS Pro Pontefice si \u00e8 svolto dal 6\/8 giugno 2019 in Citt\u00e0<\/p>\n","protected":false},"author":2,"featured_media":23402,"comment_status":"closed","ping_status":"closed","sticky":false,"template":"","format":"standard","meta":{"sfsi_plus_gutenberg_text_before_share":"","sfsi_plus_gutenberg_show_text_before_share":"","sfsi_plus_gutenberg_icon_type":"","sfsi_plus_gutenberg_icon_alignemt":"","sfsi_plus_gutenburg_max_per_row":"","footnotes":""},"categories":[6,10,4,5],"tags":[5221,5222,5223,5224,5225],"class_list":["post-23400","post","type-post","status-publish","format-standard","has-post-thumbnail","hentry","category-caserta","category-cultura","category-falciano","category-mondragone","tag-centesimus-annus","tag-convegno-a-roma","tag-convegno-centesimus-annus","tag-fondazione-centesimus-annus","tag-laudato-si"],"_links":{"self":[{"href":"https:\/\/www.thereportzone.it\/index.php?rest_route=\/wp\/v2\/posts\/23400"}],"collection":[{"href":"https:\/\/www.thereportzone.it\/index.php?rest_route=\/wp\/v2\/posts"}],"about":[{"href":"https:\/\/www.thereportzone.it\/index.php?rest_route=\/wp\/v2\/types\/post"}],"author":[{"embeddable":true,"href":"https:\/\/www.thereportzone.it\/index.php?rest_route=\/wp\/v2\/users\/2"}],"replies":[{"embeddable":true,"href":"https:\/\/www.thereportzone.it\/index.php?rest_route=%2Fwp%2Fv2%2Fcomments&post=23400"}],"version-history":[{"count":0,"href":"https:\/\/www.thereportzone.it\/index.php?rest_route=\/wp\/v2\/posts\/23400\/revisions"}],"wp:featuredmedia":[{"embeddable":true,"href":"https:\/\/www.thereportzone.it\/index.php?rest_route=\/"}],"wp:attachment":[{"href":"https:\/\/www.thereportzone.it\/index.php?rest_route=%2Fwp%2Fv2%2Fmedia&parent=23400"}],"wp:term":[{"taxonomy":"category","embeddable":true,"href":"https:\/\/www.thereportzone.it\/index.php?rest_route=%2Fwp%2Fv2%2Fcategories&post=23400"},{"taxonomy":"post_tag","embeddable":true,"href":"https:\/\/www.thereportzone.it\/index.php?rest_route=%2Fwp%2Fv2%2Ftags&post=23400"}],"curies":[{"name":"wp","href":"https:\/\/api.w.org\/{rel}","templated":true}]}}